{"id":1103,"date":"2022-09-30T13:23:23","date_gmt":"2022-09-30T11:23:23","guid":{"rendered":"https:\/\/reha-flex.de\/rehabilitationsklinik-sangerhausen\/?p=1103"},"modified":"2022-09-30T13:23:23","modified_gmt":"2022-09-30T11:23:23","slug":"moegliche-schliessung-bewegungsbad-zum-01-01-2023","status":"publish","type":"post","link":"https:\/\/reha-flex.de\/rehabilitationsklinik-sangerhausen\/moegliche-schliessung-bewegungsbad-zum-01-01-2023\/","title":{"rendered":"M\u00f6gliche Schlie\u00dfung Bewegungsbad zum 01.01.2023"},"content":{"rendered":"<p class=\"p1\"><strong>M\u00f6gliche Schlie\u00dfung Bewegungsbad zum 01.01.2023<span class=\"Apple-converted-space\"> \u2013\u00a0<\/span>Aussetzung aller warmwasserbezogenen Therapien<span class=\"Apple-converted-space\">\u00a0<\/span><\/strong><\/p>\n<p class=\"p1\">Sehr geehrte Patienten und Patientinnen,<span class=\"Apple-converted-space\">\u00a0<\/span>sehr geehrte Interessierte,<span class=\"Apple-converted-space\">\u00a0<\/span><\/p>\n<p class=\"p1\">seit dem Appell zum \u201eGas sparen&#8220; der Bundesregierung vom 28.06.2022 haben wir als Beitrag zur Sparma\u00dfnahme bereits die Wassertemperatur unseres Bewegungsbades von 32 \u00b0C auf 30 \u00b0C gesenkt. Die Patienten sp\u00fcren diese Absenkung, haben aber dennoch Verst\u00e4ndnis. Wir haben diese Ma\u00dfnahme \u00fcber Aush\u00e4nge in der Reha-Klinik und \u00fcber die sozialen Medien offen kommuniziert.<span class=\"Apple-converted-space\">\u00a0<\/span><\/p>\n<p class=\"p1\">Ferner k\u00fcndige ich hiermit vorsorglich an, dass wir unser Bewegungsbad ggf. zum 01.01.2023 auf Grund der aktuellen Energiepreispolitik der Bundesregierung schlie\u00dfen m\u00fcssen. Gleichfalls werden wir die anderen Warm-Wassertherapien wie UWM, 2-4-Zellenbad, medizinische Teil- oder Vollb\u00e4der dann einstellen.<\/p>\n<p class=\"p1\">Die Schlie\u00dfung des Bewegungsbades wird ggf. erforderlich, da unsere aktuellen Sonder\u00adVertr\u00e4ge zum Bezug f\u00fcr Gas- und Elektroenergie gek\u00fcndigt wurden und uns aktuell keine bezahlbaren neuen Vertr\u00e4ge durch die Stadtwerke Sangerhausen angeboten werden k\u00f6nnen. Die durch die Medien und aber auch durch die Versorger selber kolportierten Preise f\u00fcr Gas und Elektroenergie sind in Dimensionen, welche betriebswirtschaftlich das Betreiben eines Bewegungsbeckens bzw. generell die Warm-Wassertherapien aus wirtschaftlicher Sicht nicht mehr zulassen.<span class=\"Apple-converted-space\">\u00a0<\/span><\/p>\n<p class=\"p1\">Gleichwohl hoffen wir, dass die gestern politisch vereinbarte Energiepreisbremse auch f\u00fcr uns gilt und zeitnah mit klaren Regelungen beschlossen wird.<span class=\"Apple-converted-space\">\u00a0<\/span><\/p>\n<p class=\"p1\">Wir versuchen solange wie m\u00f6glich (wirtschaftlich vertretbar), alle Therapieangebote einschlie\u00dflich Bewegungsbad und anderer Warmwassertherapien f\u00fcr unsere Patienten aufrecht zu halten.<span class=\"Apple-converted-space\">\u00a0<\/span><\/p>\n<p class=\"p1\">Energie-Sparkonzepte sto\u00dfen mit Patienten an Grenzen &#8211; wir k\u00f6nnen in Therapier\u00e4umen nicht die Raumtemperatur auf 19\u00b0C absenken, auch k\u00f6nnen wir den Patienten nicht das Duschen mit warmem Wasser versagen.<span class=\"Apple-converted-space\">\u00a0<\/span><\/p>\n<p class=\"p1\">Mit freundlichen Gr\u00fc\u00dfen<\/p>\n<p class=\"p1\">Axel Witt<br \/>\nGesch\u00e4ftsf\u00fchrer<\/p>\n","protected":false},"excerpt":{"rendered":"<p>M\u00f6gliche Schlie\u00dfung Bewegungsbad zum 01.01.2023 \u2013\u00a0Aussetzung aller warmwasserbezogenen Therapien\u00a0 Sehr geehrte Patienten und Patientinnen,\u00a0sehr geehrte Interessierte,\u00a0 seit dem Appell zum \u201eGas sparen&#8220; der Bundesregierung vom 28.06.2022 haben wir als Beitrag zur Sparma\u00dfnahme bereits die Wassertemperatur unseres Bewegungsbades von 32 \u00b0C auf 30 \u00b0C gesenkt. Die Patienten sp\u00fcren diese Absenkung, haben aber dennoch Verst\u00e4ndnis. Wir haben&#8230;<\/p>\n","protected":false},"author":2,"featured_media":692,"comment_status":"closed","ping_status":"open","sticky":false,"template":"","format":"standard","meta":{"footnotes":""},"categories":[3],"tags":[],"class_list":["post-1103","post","type-post","status-publish","format-standard","has-post-thumbnail","hentry","category-aktuelles"],"yoast_head":"<!-- This site is optimized with the Yoast SEO plugin v26.9 - https:\/\/yoast.com\/product\/yoast-seo-wordpress\/ -->\n<title>M\u00f6gliche Schlie\u00dfung Bewegungsbad zum 01.01.2023 - Rehabilitationsklinik Sangerhausen<\/title>\n<meta name=\"robots\" content=\"index, follow, max-snippet:-1, max-image-preview:large, max-video-preview:-1\" \/>\n<link rel=\"canonical\" href=\"https:\/\/reha-flex.de\/rehabilitationsklinik-sangerhausen\/moegliche-schliessung-bewegungsbad-zum-01-01-2023\/\" \/>\n<meta property=\"og:locale\" content=\"de_DE\" \/>\n<meta property=\"og:type\" content=\"article\" \/>\n<meta property=\"og:title\" content=\"M\u00f6gliche Schlie\u00dfung Bewegungsbad zum 01.01.2023 - Rehabilitationsklinik Sangerhausen\" \/>\n<meta property=\"og:description\" content=\"M\u00f6gliche Schlie\u00dfung Bewegungsbad zum 01.01.2023 \u2013\u00a0Aussetzung aller warmwasserbezogenen Therapien\u00a0 Sehr geehrte Patienten und Patientinnen,\u00a0sehr geehrte Interessierte,\u00a0 seit dem Appell zum \u201eGas sparen&#8220; der Bundesregierung vom 28.06.2022 haben wir als Beitrag zur Sparma\u00dfnahme bereits die Wassertemperatur unseres Bewegungsbades von 32 \u00b0C auf 30 \u00b0C gesenkt. Die Patienten sp\u00fcren diese Absenkung, haben aber dennoch Verst\u00e4ndnis. Wir haben...\" \/>\n<meta property=\"og:url\" content=\"https:\/\/reha-flex.de\/rehabilitationsklinik-sangerhausen\/moegliche-schliessung-bewegungsbad-zum-01-01-2023\/\" \/>\n<meta property=\"og:site_name\" content=\"Rehabilitationsklinik Sangerhausen\" \/>\n<meta property=\"article:published_time\" content=\"2022-09-30T11:23:23+00:00\" \/>\n<meta property=\"og:image\" content=\"http:\/\/reha-flex.de\/wp-content\/uploads\/sites\/8\/2020\/10\/Platzhalterbild_Info.png\" \/>\n\t<meta property=\"og:image:width\" content=\"1920\" \/>\n\t<meta property=\"og:image:height\" content=\"1080\" \/>\n\t<meta property=\"og:image:type\" content=\"image\/png\" \/>\n<meta name=\"author\" content=\"chwalek\" \/>\n<meta name=\"twitter:card\" content=\"summary_large_image\" \/>\n<meta name=\"twitter:label1\" content=\"Geschrieben von\" \/>\n\t<meta name=\"twitter:data1\" content=\"chwalek\" \/>\n\t<meta name=\"twitter:label2\" content=\"Gesch\u00e4tzte Lesezeit\" \/>\n\t<meta name=\"twitter:data2\" content=\"2\u00a0Minuten\" \/>\n<script type=\"application\/ld+json\" class=\"yoast-schema-graph\">{\"@context\":\"https:\/\/schema.org\",\"@graph\":[{\"@type\":\"Article\",\"@id\":\"https:\/\/reha-flex.de\/rehabilitationsklinik-sangerhausen\/moegliche-schliessung-bewegungsbad-zum-01-01-2023\/#article\",\"isPartOf\":{\"@id\":\"https:\/\/reha-flex.de\/rehabilitationsklinik-sangerhausen\/moegliche-schliessung-bewegungsbad-zum-01-01-2023\/\"},\"author\":{\"name\":\"chwalek\",\"@id\":\"https:\/\/reha-flex.de\/rehabilitationsklinik-sangerhausen\/#\/schema\/person\/e859ea7c6762b2efe3bd9d30509b4333\"},\"headline\":\"M\u00f6gliche Schlie\u00dfung Bewegungsbad zum 01.01.2023\",\"datePublished\":\"2022-09-30T11:23:23+00:00\",\"mainEntityOfPage\":{\"@id\":\"https:\/\/reha-flex.de\/rehabilitationsklinik-sangerhausen\/moegliche-schliessung-bewegungsbad-zum-01-01-2023\/\"},\"wordCount\":283,\"image\":{\"@id\":\"https:\/\/reha-flex.de\/rehabilitationsklinik-sangerhausen\/moegliche-schliessung-bewegungsbad-zum-01-01-2023\/#primaryimage\"},\"thumbnailUrl\":\"https:\/\/reha-flex.de\/wp-content\/uploads\/sites\/8\/2020\/10\/Platzhalterbild_Info.png\",\"articleSection\":[\"Aktuelles\"],\"inLanguage\":\"de\"},{\"@type\":\"WebPage\",\"@id\":\"https:\/\/reha-flex.de\/rehabilitationsklinik-sangerhausen\/moegliche-schliessung-bewegungsbad-zum-01-01-2023\/\",\"url\":\"https:\/\/reha-flex.de\/rehabilitationsklinik-sangerhausen\/moegliche-schliessung-bewegungsbad-zum-01-01-2023\/\",\"name\":\"M\u00f6gliche Schlie\u00dfung Bewegungsbad zum 01.01.2023 - Rehabilitationsklinik Sangerhausen\",\"isPartOf\":{\"@id\":\"https:\/\/reha-flex.de\/rehabilitationsklinik-sangerhausen\/#website\"},\"primaryImageOfPage\":{\"@id\":\"https:\/\/reha-flex.de\/rehabilitationsklinik-sangerhausen\/moegliche-schliessung-bewegungsbad-zum-01-01-2023\/#primaryimage\"},\"image\":{\"@id\":\"https:\/\/reha-flex.de\/rehabilitationsklinik-sangerhausen\/moegliche-schliessung-bewegungsbad-zum-01-01-2023\/#primaryimage\"},\"thumbnailUrl\":\"https:\/\/reha-flex.de\/wp-content\/uploads\/sites\/8\/2020\/10\/Platzhalterbild_Info.png\",\"datePublished\":\"2022-09-30T11:23:23+00:00\",\"author\":{\"@id\":\"https:\/\/reha-flex.de\/rehabilitationsklinik-sangerhausen\/#\/schema\/person\/e859ea7c6762b2efe3bd9d30509b4333\"},\"breadcrumb\":{\"@id\":\"https:\/\/reha-flex.de\/rehabilitationsklinik-sangerhausen\/moegliche-schliessung-bewegungsbad-zum-01-01-2023\/#breadcrumb\"},\"inLanguage\":\"de\",\"potentialAction\":[{\"@type\":\"ReadAction\",\"target\":[\"https:\/\/reha-flex.de\/rehabilitationsklinik-sangerhausen\/moegliche-schliessung-bewegungsbad-zum-01-01-2023\/\"]}]},{\"@type\":\"ImageObject\",\"inLanguage\":\"de\",\"@id\":\"https:\/\/reha-flex.de\/rehabilitationsklinik-sangerhausen\/moegliche-schliessung-bewegungsbad-zum-01-01-2023\/#primaryimage\",\"url\":\"https:\/\/reha-flex.de\/wp-content\/uploads\/sites\/8\/2020\/10\/Platzhalterbild_Info.png\",\"contentUrl\":\"https:\/\/reha-flex.de\/wp-content\/uploads\/sites\/8\/2020\/10\/Platzhalterbild_Info.png\",\"width\":1920,\"height\":1080},{\"@type\":\"BreadcrumbList\",\"@id\":\"https:\/\/reha-flex.de\/rehabilitationsklinik-sangerhausen\/moegliche-schliessung-bewegungsbad-zum-01-01-2023\/#breadcrumb\",\"itemListElement\":[{\"@type\":\"ListItem\",\"position\":1,\"name\":\"Startseite\",\"item\":\"https:\/\/reha-flex.de\/rehabilitationsklinik-sangerhausen\/\"},{\"@type\":\"ListItem\",\"position\":2,\"name\":\"M\u00f6gliche Schlie\u00dfung Bewegungsbad zum 01.01.2023\"}]},{\"@type\":\"WebSite\",\"@id\":\"https:\/\/reha-flex.de\/rehabilitationsklinik-sangerhausen\/#website\",\"url\":\"https:\/\/reha-flex.de\/rehabilitationsklinik-sangerhausen\/\",\"name\":\"Rehabilitationsklinik Sangerhausen\",\"description\":\"\",\"potentialAction\":[{\"@type\":\"SearchAction\",\"target\":{\"@type\":\"EntryPoint\",\"urlTemplate\":\"https:\/\/reha-flex.de\/rehabilitationsklinik-sangerhausen\/?s={search_term_string}\"},\"query-input\":{\"@type\":\"PropertyValueSpecification\",\"valueRequired\":true,\"valueName\":\"search_term_string\"}}],\"inLanguage\":\"de\"},{\"@type\":\"Person\",\"@id\":\"https:\/\/reha-flex.de\/rehabilitationsklinik-sangerhausen\/#\/schema\/person\/e859ea7c6762b2efe3bd9d30509b4333\",\"name\":\"chwalek\",\"url\":\"https:\/\/reha-flex.de\/rehabilitationsklinik-sangerhausen\/author\/chwalek\/\"}]}<\/script>\n<!-- \/ Yoast SEO plugin. -->","yoast_head_json":{"title":"M\u00f6gliche Schlie\u00dfung Bewegungsbad zum 01.01.2023 - Rehabilitationsklinik Sangerhausen","robots":{"index":"index","follow":"follow","max-snippet":"max-snippet:-1","max-image-preview":"max-image-preview:large","max-video-preview":"max-video-preview:-1"},"canonical":"https:\/\/reha-flex.de\/rehabilitationsklinik-sangerhausen\/moegliche-schliessung-bewegungsbad-zum-01-01-2023\/","og_locale":"de_DE","og_type":"article","og_title":"M\u00f6gliche Schlie\u00dfung Bewegungsbad zum 01.01.2023 - Rehabilitationsklinik Sangerhausen","og_description":"M\u00f6gliche Schlie\u00dfung Bewegungsbad zum 01.01.2023 \u2013\u00a0Aussetzung aller warmwasserbezogenen Therapien\u00a0 Sehr geehrte Patienten und Patientinnen,\u00a0sehr geehrte Interessierte,\u00a0 seit dem Appell zum \u201eGas sparen&#8220; der Bundesregierung vom 28.06.2022 haben wir als Beitrag zur Sparma\u00dfnahme bereits die Wassertemperatur unseres Bewegungsbades von 32 \u00b0C auf 30 \u00b0C gesenkt. Die Patienten sp\u00fcren diese Absenkung, haben aber dennoch Verst\u00e4ndnis. Wir haben...","og_url":"https:\/\/reha-flex.de\/rehabilitationsklinik-sangerhausen\/moegliche-schliessung-bewegungsbad-zum-01-01-2023\/","og_site_name":"Rehabilitationsklinik Sangerhausen","article_published_time":"2022-09-30T11:23:23+00:00","og_image":[{"width":1920,"height":1080,"url":"http:\/\/reha-flex.de\/wp-content\/uploads\/sites\/8\/2020\/10\/Platzhalterbild_Info.png","type":"image\/png"}],"author":"chwalek","twitter_card":"summary_large_image","twitter_misc":{"Geschrieben von":"chwalek","Gesch\u00e4tzte Lesezeit":"2\u00a0Minuten"},"schema":{"@context":"https:\/\/schema.org","@graph":[{"@type":"Article","@id":"https:\/\/reha-flex.de\/rehabilitationsklinik-sangerhausen\/moegliche-schliessung-bewegungsbad-zum-01-01-2023\/#article","isPartOf":{"@id":"https:\/\/reha-flex.de\/rehabilitationsklinik-sangerhausen\/moegliche-schliessung-bewegungsbad-zum-01-01-2023\/"},"author":{"name":"chwalek","@id":"https:\/\/reha-flex.de\/rehabilitationsklinik-sangerhausen\/#\/schema\/person\/e859ea7c6762b2efe3bd9d30509b4333"},"headline":"M\u00f6gliche Schlie\u00dfung Bewegungsbad zum 01.01.2023","datePublished":"2022-09-30T11:23:23+00:00","mainEntityOfPage":{"@id":"https:\/\/reha-flex.de\/rehabilitationsklinik-sangerhausen\/moegliche-schliessung-bewegungsbad-zum-01-01-2023\/"},"wordCount":283,"image":{"@id":"https:\/\/reha-flex.de\/rehabilitationsklinik-sangerhausen\/moegliche-schliessung-bewegungsbad-zum-01-01-2023\/#primaryimage"},"thumbnailUrl":"https:\/\/reha-flex.de\/wp-content\/uploads\/sites\/8\/2020\/10\/Platzhalterbild_Info.png","articleSection":["Aktuelles"],"inLanguage":"de"},{"@type":"WebPage","@id":"https:\/\/reha-flex.de\/rehabilitationsklinik-sangerhausen\/moegliche-schliessung-bewegungsbad-zum-01-01-2023\/","url":"https:\/\/reha-flex.de\/rehabilitationsklinik-sangerhausen\/moegliche-schliessung-bewegungsbad-zum-01-01-2023\/","name":"M\u00f6gliche Schlie\u00dfung Bewegungsbad zum 01.01.2023 - Rehabilitationsklinik Sangerhausen","isPartOf":{"@id":"https:\/\/reha-flex.de\/rehabilitationsklinik-sangerhausen\/#website"},"primaryImageOfPage":{"@id":"https:\/\/reha-flex.de\/rehabilitationsklinik-sangerhausen\/moegliche-schliessung-bewegungsbad-zum-01-01-2023\/#primaryimage"},"image":{"@id":"https:\/\/reha-flex.de\/rehabilitationsklinik-sangerhausen\/moegliche-schliessung-bewegungsbad-zum-01-01-2023\/#primaryimage"},"thumbnailUrl":"https:\/\/reha-flex.de\/wp-content\/uploads\/sites\/8\/2020\/10\/Platzhalterbild_Info.png","datePublished":"2022-09-30T11:23:23+00:00","author":{"@id":"https:\/\/reha-flex.de\/rehabilitationsklinik-sangerhausen\/#\/schema\/person\/e859ea7c6762b2efe3bd9d30509b4333"},"breadcrumb":{"@id":"https:\/\/reha-flex.de\/rehabilitationsklinik-sangerhausen\/moegliche-schliessung-bewegungsbad-zum-01-01-2023\/#breadcrumb"},"inLanguage":"de","potentialAction":[{"@type":"ReadAction","target":["https:\/\/reha-flex.de\/rehabilitationsklinik-sangerhausen\/moegliche-schliessung-bewegungsbad-zum-01-01-2023\/"]}]},{"@type":"ImageObject","inLanguage":"de","@id":"https:\/\/reha-flex.de\/rehabilitationsklinik-sangerhausen\/moegliche-schliessung-bewegungsbad-zum-01-01-2023\/#primaryimage","url":"https:\/\/reha-flex.de\/wp-content\/uploads\/sites\/8\/2020\/10\/Platzhalterbild_Info.png","contentUrl":"https:\/\/reha-flex.de\/wp-content\/uploads\/sites\/8\/2020\/10\/Platzhalterbild_Info.png","width":1920,"height":1080},{"@type":"BreadcrumbList","@id":"https:\/\/reha-flex.de\/rehabilitationsklinik-sangerhausen\/moegliche-schliessung-bewegungsbad-zum-01-01-2023\/#breadcrumb","itemListElement":[{"@type":"ListItem","position":1,"name":"Startseite","item":"https:\/\/reha-flex.de\/rehabilitationsklinik-sangerhausen\/"},{"@type":"ListItem","position":2,"name":"M\u00f6gliche Schlie\u00dfung Bewegungsbad zum 01.01.2023"}]},{"@type":"WebSite","@id":"https:\/\/reha-flex.de\/rehabilitationsklinik-sangerhausen\/#website","url":"https:\/\/reha-flex.de\/rehabilitationsklinik-sangerhausen\/","name":"Rehabilitationsklinik Sangerhausen","description":"","potentialAction":[{"@type":"SearchAction","target":{"@type":"EntryPoint","urlTemplate":"https:\/\/reha-flex.de\/rehabilitationsklinik-sangerhausen\/?s={search_term_string}"},"query-input":{"@type":"PropertyValueSpecification","valueRequired":true,"valueName":"search_term_string"}}],"inLanguage":"de"},{"@type":"Person","@id":"https:\/\/reha-flex.de\/rehabilitationsklinik-sangerhausen\/#\/schema\/person\/e859ea7c6762b2efe3bd9d30509b4333","name":"chwalek","url":"https:\/\/reha-flex.de\/rehabilitationsklinik-sangerhausen\/author\/chwalek\/"}]}},"_links":{"self":[{"href":"https:\/\/reha-flex.de\/rehabilitationsklinik-sangerhausen\/wp-json\/wp\/v2\/posts\/1103","targetHints":{"allow":["GET"]}}],"collection":[{"href":"https:\/\/reha-flex.de\/rehabilitationsklinik-sangerhausen\/wp-json\/wp\/v2\/posts"}],"about":[{"href":"https:\/\/reha-flex.de\/rehabilitationsklinik-sangerhausen\/wp-json\/wp\/v2\/types\/post"}],"author":[{"embeddable":true,"href":"https:\/\/reha-flex.de\/rehabilitationsklinik-sangerhausen\/wp-json\/wp\/v2\/users\/2"}],"replies":[{"embeddable":true,"href":"https:\/\/reha-flex.de\/rehabilitationsklinik-sangerhausen\/wp-json\/wp\/v2\/comments?post=1103"}],"version-history":[{"count":1,"href":"https:\/\/reha-flex.de\/rehabilitationsklinik-sangerhausen\/wp-json\/wp\/v2\/posts\/1103\/revisions"}],"predecessor-version":[{"id":1104,"href":"https:\/\/reha-flex.de\/rehabilitationsklinik-sangerhausen\/wp-json\/wp\/v2\/posts\/1103\/revisions\/1104"}],"wp:featuredmedia":[{"embeddable":true,"href":"https:\/\/reha-flex.de\/rehabilitationsklinik-sangerhausen\/wp-json\/wp\/v2\/media\/692"}],"wp:attachment":[{"href":"https:\/\/reha-flex.de\/rehabilitationsklinik-sangerhausen\/wp-json\/wp\/v2\/media?parent=1103"}],"wp:term":[{"taxonomy":"category","embeddable":true,"href":"https:\/\/reha-flex.de\/rehabilitationsklinik-sangerhausen\/wp-json\/wp\/v2\/categories?post=1103"},{"taxonomy":"post_tag","embeddable":true,"href":"https:\/\/reha-flex.de\/rehabilitationsklinik-sangerhausen\/wp-json\/wp\/v2\/tags?post=1103"}],"curies":[{"name":"wp","href":"https:\/\/api.w.org\/{rel}","templated":true}]}}