{"id":1451,"date":"2022-05-06T11:37:53","date_gmt":"2022-05-06T09:37:53","guid":{"rendered":"https:\/\/reha-flex.de\/saline-rehabilitationsklinik-halle-saale\/?p=1451"},"modified":"2022-05-06T11:42:23","modified_gmt":"2022-05-06T09:42:23","slug":"die-kneipp-saison-ist-wieder-eroeffnet","status":"publish","type":"post","link":"https:\/\/reha-flex.de\/saline-rehabilitationsklinik-halle-saale\/die-kneipp-saison-ist-wieder-eroeffnet\/","title":{"rendered":"Die Kneipp-Saison ist wieder er\u00f6ffnet!"},"content":{"rendered":"<p>Die Temperaturen steigen langsam und in unserem Park k\u00f6nnen Sie nun wieder Ihren m\u00fcden Beinen einen Kick geben.<br \/>\nAls Teil des Therapie- und Erlebnispfades finden Sie unser Kneippbecken an Station 6.<\/p>\n<p>&nbsp;<\/p>\n","protected":false},"excerpt":{"rendered":"<p>Die Temperaturen steigen langsam und in unserem Park k\u00f6nnen Sie nun wieder Ihren m\u00fcden Beinen einen Kick geben. Als Teil des Therapie- und Erlebnispfades finden Sie unser Kneippbecken an Station 6. &nbsp;<\/p>\n","protected":false},"author":2,"featured_media":1456,"comment_status":"closed","ping_status":"open","sticky":false,"template":"","format":"standard","meta":{"footnotes":""},"categories":[3],"tags":[],"class_list":["post-1451","post","type-post","status-publish","format-standard","has-post-thumbnail","hentry","category-aktuelles"],"yoast_head":"<!-- This site is optimized with the Yoast SEO plugin v26.9 - https:\/\/yoast.com\/product\/yoast-seo-wordpress\/ -->\n<title>Die Kneipp-Saison ist wieder er\u00f6ffnet! - Saline Rehabilitationsklinik Halle (Saale)<\/title>\n<meta name=\"robots\" content=\"index, follow, max-snippet:-1, max-image-preview:large, max-video-preview:-1\" \/>\n<link rel=\"canonical\" href=\"https:\/\/reha-flex.de\/saline-rehabilitationsklinik-halle-saale\/die-kneipp-saison-ist-wieder-eroeffnet\/\" \/>\n<meta property=\"og:locale\" content=\"de_DE\" \/>\n<meta property=\"og:type\" content=\"article\" \/>\n<meta property=\"og:title\" content=\"Die Kneipp-Saison ist wieder er\u00f6ffnet! - Saline Rehabilitationsklinik Halle (Saale)\" \/>\n<meta property=\"og:description\" content=\"Die Temperaturen steigen langsam und in unserem Park k\u00f6nnen Sie nun wieder Ihren m\u00fcden Beinen einen Kick geben. Als Teil des Therapie- und Erlebnispfades finden Sie unser Kneippbecken an Station 6. &nbsp;\" \/>\n<meta property=\"og:url\" content=\"https:\/\/reha-flex.de\/saline-rehabilitationsklinik-halle-saale\/die-kneipp-saison-ist-wieder-eroeffnet\/\" \/>\n<meta property=\"og:site_name\" content=\"Saline Rehabilitationsklinik Halle (Saale)\" \/>\n<meta property=\"article:published_time\" content=\"2022-05-06T09:37:53+00:00\" \/>\n<meta property=\"article:modified_time\" content=\"2022-05-06T09:42:23+00:00\" \/>\n<meta property=\"og:image\" content=\"http:\/\/reha-flex.de\/wp-content\/uploads\/sites\/2\/2022\/05\/kneippbecken-saline-mai-2022.jpg\" \/>\n\t<meta property=\"og:image:width\" content=\"2048\" \/>\n\t<meta property=\"og:image:height\" content=\"1536\" \/>\n\t<meta property=\"og:image:type\" content=\"image\/jpeg\" \/>\n<meta name=\"author\" content=\"chwalek\" \/>\n<meta name=\"twitter:card\" content=\"summary_large_image\" \/>\n<meta name=\"twitter:label1\" content=\"Geschrieben von\" \/>\n\t<meta name=\"twitter:data1\" content=\"chwalek\" \/>\n<script type=\"application\/ld+json\" class=\"yoast-schema-graph\">{\"@context\":\"https:\/\/schema.org\",\"@graph\":[{\"@type\":\"Article\",\"@id\":\"https:\/\/reha-flex.de\/saline-rehabilitationsklinik-halle-saale\/die-kneipp-saison-ist-wieder-eroeffnet\/#article\",\"isPartOf\":{\"@id\":\"https:\/\/reha-flex.de\/saline-rehabilitationsklinik-halle-saale\/die-kneipp-saison-ist-wieder-eroeffnet\/\"},\"author\":{\"name\":\"chwalek\",\"@id\":\"https:\/\/reha-flex.de\/saline-rehabilitationsklinik-halle-saale\/#\/schema\/person\/e859ea7c6762b2efe3bd9d30509b4333\"},\"headline\":\"Die Kneipp-Saison ist wieder er\u00f6ffnet!\",\"datePublished\":\"2022-05-06T09:37:53+00:00\",\"dateModified\":\"2022-05-06T09:42:23+00:00\",\"mainEntityOfPage\":{\"@id\":\"https:\/\/reha-flex.de\/saline-rehabilitationsklinik-halle-saale\/die-kneipp-saison-ist-wieder-eroeffnet\/\"},\"wordCount\":39,\"image\":{\"@id\":\"https:\/\/reha-flex.de\/saline-rehabilitationsklinik-halle-saale\/die-kneipp-saison-ist-wieder-eroeffnet\/#primaryimage\"},\"thumbnailUrl\":\"https:\/\/reha-flex.de\/wp-content\/uploads\/sites\/2\/2022\/05\/kneippbecken-saline-mai-2022.jpg\",\"articleSection\":[\"Aktuelles\"],\"inLanguage\":\"de\"},{\"@type\":\"WebPage\",\"@id\":\"https:\/\/reha-flex.de\/saline-rehabilitationsklinik-halle-saale\/die-kneipp-saison-ist-wieder-eroeffnet\/\",\"url\":\"https:\/\/reha-flex.de\/saline-rehabilitationsklinik-halle-saale\/die-kneipp-saison-ist-wieder-eroeffnet\/\",\"name\":\"Die Kneipp-Saison ist wieder er\u00f6ffnet! - Saline Rehabilitationsklinik Halle (Saale)\",\"isPartOf\":{\"@id\":\"https:\/\/reha-flex.de\/saline-rehabilitationsklinik-halle-saale\/#website\"},\"primaryImageOfPage\":{\"@id\":\"https:\/\/reha-flex.de\/saline-rehabilitationsklinik-halle-saale\/die-kneipp-saison-ist-wieder-eroeffnet\/#primaryimage\"},\"image\":{\"@id\":\"https:\/\/reha-flex.de\/saline-rehabilitationsklinik-halle-saale\/die-kneipp-saison-ist-wieder-eroeffnet\/#primaryimage\"},\"thumbnailUrl\":\"https:\/\/reha-flex.de\/wp-content\/uploads\/sites\/2\/2022\/05\/kneippbecken-saline-mai-2022.jpg\",\"datePublished\":\"2022-05-06T09:37:53+00:00\",\"dateModified\":\"2022-05-06T09:42:23+00:00\",\"author\":{\"@id\":\"https:\/\/reha-flex.de\/saline-rehabilitationsklinik-halle-saale\/#\/schema\/person\/e859ea7c6762b2efe3bd9d30509b4333\"},\"breadcrumb\":{\"@id\":\"https:\/\/reha-flex.de\/saline-rehabilitationsklinik-halle-saale\/die-kneipp-saison-ist-wieder-eroeffnet\/#breadcrumb\"},\"inLanguage\":\"de\",\"potentialAction\":[{\"@type\":\"ReadAction\",\"target\":[\"https:\/\/reha-flex.de\/saline-rehabilitationsklinik-halle-saale\/die-kneipp-saison-ist-wieder-eroeffnet\/\"]}]},{\"@type\":\"ImageObject\",\"inLanguage\":\"de\",\"@id\":\"https:\/\/reha-flex.de\/saline-rehabilitationsklinik-halle-saale\/die-kneipp-saison-ist-wieder-eroeffnet\/#primaryimage\",\"url\":\"https:\/\/reha-flex.de\/wp-content\/uploads\/sites\/2\/2022\/05\/kneippbecken-saline-mai-2022.jpg\",\"contentUrl\":\"https:\/\/reha-flex.de\/wp-content\/uploads\/sites\/2\/2022\/05\/kneippbecken-saline-mai-2022.jpg\",\"width\":2048,\"height\":1536},{\"@type\":\"BreadcrumbList\",\"@id\":\"https:\/\/reha-flex.de\/saline-rehabilitationsklinik-halle-saale\/die-kneipp-saison-ist-wieder-eroeffnet\/#breadcrumb\",\"itemListElement\":[{\"@type\":\"ListItem\",\"position\":1,\"name\":\"Startseite\",\"item\":\"https:\/\/reha-flex.de\/saline-rehabilitationsklinik-halle-saale\/\"},{\"@type\":\"ListItem\",\"position\":2,\"name\":\"Die Kneipp-Saison ist wieder er\u00f6ffnet!\"}]},{\"@type\":\"WebSite\",\"@id\":\"https:\/\/reha-flex.de\/saline-rehabilitationsklinik-halle-saale\/#website\",\"url\":\"https:\/\/reha-flex.de\/saline-rehabilitationsklinik-halle-saale\/\",\"name\":\"Saline Rehabilitationsklinik Halle (Saale)\",\"description\":\"\",\"potentialAction\":[{\"@type\":\"SearchAction\",\"target\":{\"@type\":\"EntryPoint\",\"urlTemplate\":\"https:\/\/reha-flex.de\/saline-rehabilitationsklinik-halle-saale\/?s={search_term_string}\"},\"query-input\":{\"@type\":\"PropertyValueSpecification\",\"valueRequired\":true,\"valueName\":\"search_term_string\"}}],\"inLanguage\":\"de\"},{\"@type\":\"Person\",\"@id\":\"https:\/\/reha-flex.de\/saline-rehabilitationsklinik-halle-saale\/#\/schema\/person\/e859ea7c6762b2efe3bd9d30509b4333\",\"name\":\"chwalek\",\"url\":\"https:\/\/reha-flex.de\/saline-rehabilitationsklinik-halle-saale\/author\/chwalek\/\"}]}<\/script>\n<!-- \/ Yoast SEO plugin. -->","yoast_head_json":{"title":"Die Kneipp-Saison ist wieder er\u00f6ffnet! - Saline Rehabilitationsklinik Halle (Saale)","robots":{"index":"index","follow":"follow","max-snippet":"max-snippet:-1","max-image-preview":"max-image-preview:large","max-video-preview":"max-video-preview:-1"},"canonical":"https:\/\/reha-flex.de\/saline-rehabilitationsklinik-halle-saale\/die-kneipp-saison-ist-wieder-eroeffnet\/","og_locale":"de_DE","og_type":"article","og_title":"Die Kneipp-Saison ist wieder er\u00f6ffnet! - Saline Rehabilitationsklinik Halle (Saale)","og_description":"Die Temperaturen steigen langsam und in unserem Park k\u00f6nnen Sie nun wieder Ihren m\u00fcden Beinen einen Kick geben. Als Teil des Therapie- und Erlebnispfades finden Sie unser Kneippbecken an Station 6. &nbsp;","og_url":"https:\/\/reha-flex.de\/saline-rehabilitationsklinik-halle-saale\/die-kneipp-saison-ist-wieder-eroeffnet\/","og_site_name":"Saline Rehabilitationsklinik Halle (Saale)","article_published_time":"2022-05-06T09:37:53+00:00","article_modified_time":"2022-05-06T09:42:23+00:00","og_image":[{"width":2048,"height":1536,"url":"http:\/\/reha-flex.de\/wp-content\/uploads\/sites\/2\/2022\/05\/kneippbecken-saline-mai-2022.jpg","type":"image\/jpeg"}],"author":"chwalek","twitter_card":"summary_large_image","twitter_misc":{"Geschrieben von":"chwalek"},"schema":{"@context":"https:\/\/schema.org","@graph":[{"@type":"Article","@id":"https:\/\/reha-flex.de\/saline-rehabilitationsklinik-halle-saale\/die-kneipp-saison-ist-wieder-eroeffnet\/#article","isPartOf":{"@id":"https:\/\/reha-flex.de\/saline-rehabilitationsklinik-halle-saale\/die-kneipp-saison-ist-wieder-eroeffnet\/"},"author":{"name":"chwalek","@id":"https:\/\/reha-flex.de\/saline-rehabilitationsklinik-halle-saale\/#\/schema\/person\/e859ea7c6762b2efe3bd9d30509b4333"},"headline":"Die Kneipp-Saison ist wieder er\u00f6ffnet!","datePublished":"2022-05-06T09:37:53+00:00","dateModified":"2022-05-06T09:42:23+00:00","mainEntityOfPage":{"@id":"https:\/\/reha-flex.de\/saline-rehabilitationsklinik-halle-saale\/die-kneipp-saison-ist-wieder-eroeffnet\/"},"wordCount":39,"image":{"@id":"https:\/\/reha-flex.de\/saline-rehabilitationsklinik-halle-saale\/die-kneipp-saison-ist-wieder-eroeffnet\/#primaryimage"},"thumbnailUrl":"https:\/\/reha-flex.de\/wp-content\/uploads\/sites\/2\/2022\/05\/kneippbecken-saline-mai-2022.jpg","articleSection":["Aktuelles"],"inLanguage":"de"},{"@type":"WebPage","@id":"https:\/\/reha-flex.de\/saline-rehabilitationsklinik-halle-saale\/die-kneipp-saison-ist-wieder-eroeffnet\/","url":"https:\/\/reha-flex.de\/saline-rehabilitationsklinik-halle-saale\/die-kneipp-saison-ist-wieder-eroeffnet\/","name":"Die Kneipp-Saison ist wieder er\u00f6ffnet! - Saline Rehabilitationsklinik Halle (Saale)","isPartOf":{"@id":"https:\/\/reha-flex.de\/saline-rehabilitationsklinik-halle-saale\/#website"},"primaryImageOfPage":{"@id":"https:\/\/reha-flex.de\/saline-rehabilitationsklinik-halle-saale\/die-kneipp-saison-ist-wieder-eroeffnet\/#primaryimage"},"image":{"@id":"https:\/\/reha-flex.de\/saline-rehabilitationsklinik-halle-saale\/die-kneipp-saison-ist-wieder-eroeffnet\/#primaryimage"},"thumbnailUrl":"https:\/\/reha-flex.de\/wp-content\/uploads\/sites\/2\/2022\/05\/kneippbecken-saline-mai-2022.jpg","datePublished":"2022-05-06T09:37:53+00:00","dateModified":"2022-05-06T09:42:23+00:00","author":{"@id":"https:\/\/reha-flex.de\/saline-rehabilitationsklinik-halle-saale\/#\/schema\/person\/e859ea7c6762b2efe3bd9d30509b4333"},"breadcrumb":{"@id":"https:\/\/reha-flex.de\/saline-rehabilitationsklinik-halle-saale\/die-kneipp-saison-ist-wieder-eroeffnet\/#breadcrumb"},"inLanguage":"de","potentialAction":[{"@type":"ReadAction","target":["https:\/\/reha-flex.de\/saline-rehabilitationsklinik-halle-saale\/die-kneipp-saison-ist-wieder-eroeffnet\/"]}]},{"@type":"ImageObject","inLanguage":"de","@id":"https:\/\/reha-flex.de\/saline-rehabilitationsklinik-halle-saale\/die-kneipp-saison-ist-wieder-eroeffnet\/#primaryimage","url":"https:\/\/reha-flex.de\/wp-content\/uploads\/sites\/2\/2022\/05\/kneippbecken-saline-mai-2022.jpg","contentUrl":"https:\/\/reha-flex.de\/wp-content\/uploads\/sites\/2\/2022\/05\/kneippbecken-saline-mai-2022.jpg","width":2048,"height":1536},{"@type":"BreadcrumbList","@id":"https:\/\/reha-flex.de\/saline-rehabilitationsklinik-halle-saale\/die-kneipp-saison-ist-wieder-eroeffnet\/#breadcrumb","itemListElement":[{"@type":"ListItem","position":1,"name":"Startseite","item":"https:\/\/reha-flex.de\/saline-rehabilitationsklinik-halle-saale\/"},{"@type":"ListItem","position":2,"name":"Die Kneipp-Saison ist wieder er\u00f6ffnet!"}]},{"@type":"WebSite","@id":"https:\/\/reha-flex.de\/saline-rehabilitationsklinik-halle-saale\/#website","url":"https:\/\/reha-flex.de\/saline-rehabilitationsklinik-halle-saale\/","name":"Saline Rehabilitationsklinik Halle (Saale)","description":"","potentialAction":[{"@type":"SearchAction","target":{"@type":"EntryPoint","urlTemplate":"https:\/\/reha-flex.de\/saline-rehabilitationsklinik-halle-saale\/?s={search_term_string}"},"query-input":{"@type":"PropertyValueSpecification","valueRequired":true,"valueName":"search_term_string"}}],"inLanguage":"de"},{"@type":"Person","@id":"https:\/\/reha-flex.de\/saline-rehabilitationsklinik-halle-saale\/#\/schema\/person\/e859ea7c6762b2efe3bd9d30509b4333","name":"chwalek","url":"https:\/\/reha-flex.de\/saline-rehabilitationsklinik-halle-saale\/author\/chwalek\/"}]}},"_links":{"self":[{"href":"https:\/\/reha-flex.de\/saline-rehabilitationsklinik-halle-saale\/wp-json\/wp\/v2\/posts\/1451","targetHints":{"allow":["GET"]}}],"collection":[{"href":"https:\/\/reha-flex.de\/saline-rehabilitationsklinik-halle-saale\/wp-json\/wp\/v2\/posts"}],"about":[{"href":"https:\/\/reha-flex.de\/saline-rehabilitationsklinik-halle-saale\/wp-json\/wp\/v2\/types\/post"}],"author":[{"embeddable":true,"href":"https:\/\/reha-flex.de\/saline-rehabilitationsklinik-halle-saale\/wp-json\/wp\/v2\/users\/2"}],"replies":[{"embeddable":true,"href":"https:\/\/reha-flex.de\/saline-rehabilitationsklinik-halle-saale\/wp-json\/wp\/v2\/comments?post=1451"}],"version-history":[{"count":2,"href":"https:\/\/reha-flex.de\/saline-rehabilitationsklinik-halle-saale\/wp-json\/wp\/v2\/posts\/1451\/revisions"}],"predecessor-version":[{"id":1458,"href":"https:\/\/reha-flex.de\/saline-rehabilitationsklinik-halle-saale\/wp-json\/wp\/v2\/posts\/1451\/revisions\/1458"}],"wp:featuredmedia":[{"embeddable":true,"href":"https:\/\/reha-flex.de\/saline-rehabilitationsklinik-halle-saale\/wp-json\/wp\/v2\/media\/1456"}],"wp:attachment":[{"href":"https:\/\/reha-flex.de\/saline-rehabilitationsklinik-halle-saale\/wp-json\/wp\/v2\/media?parent=1451"}],"wp:term":[{"taxonomy":"category","embeddable":true,"href":"https:\/\/reha-flex.de\/saline-rehabilitationsklinik-halle-saale\/wp-json\/wp\/v2\/categories?post=1451"},{"taxonomy":"post_tag","embeddable":true,"href":"https:\/\/reha-flex.de\/saline-rehabilitationsklinik-halle-saale\/wp-json\/wp\/v2\/tags?post=1451"}],"curies":[{"name":"wp","href":"https:\/\/api.w.org\/{rel}","templated":true}]}}