{"id":1563,"date":"2022-12-20T20:31:18","date_gmt":"2022-12-20T19:31:18","guid":{"rendered":"https:\/\/reha-flex.de\/saline-rehabilitationsklinik-halle-saale\/?p=1563"},"modified":"2022-12-20T20:31:18","modified_gmt":"2022-12-20T19:31:18","slug":"neue-ausgabe-unseres-patienten-magazins-ist-erschienen-2","status":"publish","type":"post","link":"https:\/\/reha-flex.de\/saline-rehabilitationsklinik-halle-saale\/neue-ausgabe-unseres-patienten-magazins-ist-erschienen-2\/","title":{"rendered":"Neue Ausgabe unseres Patienten-Magazins ist erschienen"},"content":{"rendered":"<p>Liebe Leserinnen, liebe Leser,<\/p>\n<p class=\"p1\">auch 2022 k\u00f6nnen wir als positives Jahr verzeichnen \u2013 trotz Corona. Wir hoffen, dass die einrichtungsbezogene Impfpflicht ausl\u00e4uft und die Politik Corona jetzt endlich ad acta legt bzw. den Umgang mit Corona in die Eigenverantwortung der Menschen \u00fcbertr\u00e4gt. Seit fast drei Jahren geh\u00f6ren Ausnahmezust\u00e4nde zum Alltag. Die Corona- M\u00fcdigkeit und die Ver\u00e4rgerung \u00fcber die Politik w\u00e4chst zunehmend. Die Leute sind es leid, mit Ma\u00dfnahmen behelligt zu werden, welche keinen wirklichen Sinn ergeben. Sie wollen f\u00fcr sich selbst entscheiden. Dazu gibt es mit Krieg, Inflation und Energiekrise genug weiteren Z\u00fcndstoff. Die Corona-Pandemie hat in unser aller Leben eingegriffen, die Menschen und das gesellschaftliche Miteinander ver\u00e4ndert.<\/p>\n<p class=\"p1\">Dennoch oder gerade deshalb w\u00fcnsche ich unseren Mitarbeitern und den Patienten ein sch\u00f6nes Weihnachtsfest, besinnliche Tage, Tage der Entschleunigung und Achtsamkeit sowie einen guten Start ins Jahr 2023.<\/p>\n<p class=\"p1\">Wir werden trotz der Energiekrise auch im neuen Jahr das Beste f\u00fcr unsere Patienten tun. Wir haben den festen Willen, das Bewegungsbad wieder zu \u00f6ffnen. Geben Sie uns zwei bis drei Monate Zeit, um mit den neuen finanziellen Belastungen umgehen zu lernen. Mit den versprochenen Hilfen der Bundesregierung k\u00f6nnen wir erst rechnen, wenn sie uns dann wirklich zur Verf\u00fcgung stehen. Mein Vertrauen zu Hilfen ist sehr begrenzt \u2013 es sind politische Trostpflaster. Zumal wir als Unternehmen und als B\u00fcrger letztendlich die Hilfen fr\u00fcher oder sp\u00e4ter selber bezahlen.<\/p>\n<p>Axel Witt | Gesch\u00e4ftsf\u00fchrer der reha FLEX Saline Rehabilitationsklinik Halle\/Saale<\/p>\n<p>&nbsp;<\/p>\n","protected":false},"excerpt":{"rendered":"<p>Liebe Leserinnen, liebe Leser, auch 2022 k\u00f6nnen wir als positives Jahr verzeichnen \u2013 trotz Corona. Wir hoffen, dass die einrichtungsbezogene Impfpflicht ausl\u00e4uft und die Politik Corona jetzt endlich ad acta legt bzw. den Umgang mit Corona in die Eigenverantwortung der Menschen \u00fcbertr\u00e4gt. Seit fast drei Jahren geh\u00f6ren Ausnahmezust\u00e4nde zum Alltag. Die Corona- M\u00fcdigkeit und die&#8230;<\/p>\n","protected":false},"author":2,"featured_media":1564,"comment_status":"closed","ping_status":"open","sticky":false,"template":"","format":"standard","meta":{"footnotes":""},"categories":[3],"tags":[],"class_list":["post-1563","post","type-post","status-publish","format-standard","has-post-thumbnail","hentry","category-aktuelles"],"yoast_head":"<!-- This site is optimized with the Yoast SEO plugin v26.9 - https:\/\/yoast.com\/product\/yoast-seo-wordpress\/ -->\n<title>Neue Ausgabe unseres Patienten-Magazins ist erschienen - Saline Rehabilitationsklinik Halle (Saale)<\/title>\n<meta name=\"robots\" content=\"index, follow, max-snippet:-1, max-image-preview:large, max-video-preview:-1\" \/>\n<link rel=\"canonical\" href=\"https:\/\/reha-flex.de\/saline-rehabilitationsklinik-halle-saale\/neue-ausgabe-unseres-patienten-magazins-ist-erschienen-2\/\" \/>\n<meta property=\"og:locale\" content=\"de_DE\" \/>\n<meta property=\"og:type\" content=\"article\" \/>\n<meta property=\"og:title\" content=\"Neue Ausgabe unseres Patienten-Magazins ist erschienen - Saline Rehabilitationsklinik Halle (Saale)\" \/>\n<meta property=\"og:description\" content=\"Liebe Leserinnen, liebe Leser, auch 2022 k\u00f6nnen wir als positives Jahr verzeichnen \u2013 trotz Corona. Wir hoffen, dass die einrichtungsbezogene Impfpflicht ausl\u00e4uft und die Politik Corona jetzt endlich ad acta legt bzw. den Umgang mit Corona in die Eigenverantwortung der Menschen \u00fcbertr\u00e4gt. Seit fast drei Jahren geh\u00f6ren Ausnahmezust\u00e4nde zum Alltag. Die Corona- M\u00fcdigkeit und die...\" \/>\n<meta property=\"og:url\" content=\"https:\/\/reha-flex.de\/saline-rehabilitationsklinik-halle-saale\/neue-ausgabe-unseres-patienten-magazins-ist-erschienen-2\/\" \/>\n<meta property=\"og:site_name\" content=\"Saline Rehabilitationsklinik Halle (Saale)\" \/>\n<meta property=\"article:published_time\" content=\"2022-12-20T19:31:18+00:00\" \/>\n<meta property=\"og:image\" content=\"http:\/\/reha-flex.de\/wp-content\/uploads\/sites\/2\/2022\/12\/Patienten-Magazin-HAL_322_neu_web.jpg\" \/>\n\t<meta property=\"og:image:width\" content=\"1920\" \/>\n\t<meta property=\"og:image:height\" content=\"1278\" \/>\n\t<meta property=\"og:image:type\" content=\"image\/jpeg\" \/>\n<meta name=\"author\" content=\"chwalek\" \/>\n<meta name=\"twitter:card\" content=\"summary_large_image\" \/>\n<meta name=\"twitter:label1\" content=\"Geschrieben von\" \/>\n\t<meta name=\"twitter:data1\" content=\"chwalek\" \/>\n\t<meta name=\"twitter:label2\" content=\"Gesch\u00e4tzte Lesezeit\" \/>\n\t<meta name=\"twitter:data2\" content=\"2\u00a0Minuten\" \/>\n<script type=\"application\/ld+json\" class=\"yoast-schema-graph\">{\"@context\":\"https:\/\/schema.org\",\"@graph\":[{\"@type\":\"Article\",\"@id\":\"https:\/\/reha-flex.de\/saline-rehabilitationsklinik-halle-saale\/neue-ausgabe-unseres-patienten-magazins-ist-erschienen-2\/#article\",\"isPartOf\":{\"@id\":\"https:\/\/reha-flex.de\/saline-rehabilitationsklinik-halle-saale\/neue-ausgabe-unseres-patienten-magazins-ist-erschienen-2\/\"},\"author\":{\"name\":\"chwalek\",\"@id\":\"https:\/\/reha-flex.de\/saline-rehabilitationsklinik-halle-saale\/#\/schema\/person\/e859ea7c6762b2efe3bd9d30509b4333\"},\"headline\":\"Neue Ausgabe unseres Patienten-Magazins ist erschienen\",\"datePublished\":\"2022-12-20T19:31:18+00:00\",\"mainEntityOfPage\":{\"@id\":\"https:\/\/reha-flex.de\/saline-rehabilitationsklinik-halle-saale\/neue-ausgabe-unseres-patienten-magazins-ist-erschienen-2\/\"},\"wordCount\":258,\"image\":{\"@id\":\"https:\/\/reha-flex.de\/saline-rehabilitationsklinik-halle-saale\/neue-ausgabe-unseres-patienten-magazins-ist-erschienen-2\/#primaryimage\"},\"thumbnailUrl\":\"https:\/\/reha-flex.de\/wp-content\/uploads\/sites\/2\/2022\/12\/Patienten-Magazin-HAL_322_neu_web.jpg\",\"articleSection\":[\"Aktuelles\"],\"inLanguage\":\"de\"},{\"@type\":\"WebPage\",\"@id\":\"https:\/\/reha-flex.de\/saline-rehabilitationsklinik-halle-saale\/neue-ausgabe-unseres-patienten-magazins-ist-erschienen-2\/\",\"url\":\"https:\/\/reha-flex.de\/saline-rehabilitationsklinik-halle-saale\/neue-ausgabe-unseres-patienten-magazins-ist-erschienen-2\/\",\"name\":\"Neue Ausgabe unseres Patienten-Magazins ist erschienen - Saline Rehabilitationsklinik Halle (Saale)\",\"isPartOf\":{\"@id\":\"https:\/\/reha-flex.de\/saline-rehabilitationsklinik-halle-saale\/#website\"},\"primaryImageOfPage\":{\"@id\":\"https:\/\/reha-flex.de\/saline-rehabilitationsklinik-halle-saale\/neue-ausgabe-unseres-patienten-magazins-ist-erschienen-2\/#primaryimage\"},\"image\":{\"@id\":\"https:\/\/reha-flex.de\/saline-rehabilitationsklinik-halle-saale\/neue-ausgabe-unseres-patienten-magazins-ist-erschienen-2\/#primaryimage\"},\"thumbnailUrl\":\"https:\/\/reha-flex.de\/wp-content\/uploads\/sites\/2\/2022\/12\/Patienten-Magazin-HAL_322_neu_web.jpg\",\"datePublished\":\"2022-12-20T19:31:18+00:00\",\"author\":{\"@id\":\"https:\/\/reha-flex.de\/saline-rehabilitationsklinik-halle-saale\/#\/schema\/person\/e859ea7c6762b2efe3bd9d30509b4333\"},\"breadcrumb\":{\"@id\":\"https:\/\/reha-flex.de\/saline-rehabilitationsklinik-halle-saale\/neue-ausgabe-unseres-patienten-magazins-ist-erschienen-2\/#breadcrumb\"},\"inLanguage\":\"de\",\"potentialAction\":[{\"@type\":\"ReadAction\",\"target\":[\"https:\/\/reha-flex.de\/saline-rehabilitationsklinik-halle-saale\/neue-ausgabe-unseres-patienten-magazins-ist-erschienen-2\/\"]}]},{\"@type\":\"ImageObject\",\"inLanguage\":\"de\",\"@id\":\"https:\/\/reha-flex.de\/saline-rehabilitationsklinik-halle-saale\/neue-ausgabe-unseres-patienten-magazins-ist-erschienen-2\/#primaryimage\",\"url\":\"https:\/\/reha-flex.de\/wp-content\/uploads\/sites\/2\/2022\/12\/Patienten-Magazin-HAL_322_neu_web.jpg\",\"contentUrl\":\"https:\/\/reha-flex.de\/wp-content\/uploads\/sites\/2\/2022\/12\/Patienten-Magazin-HAL_322_neu_web.jpg\",\"width\":1920,\"height\":1278},{\"@type\":\"BreadcrumbList\",\"@id\":\"https:\/\/reha-flex.de\/saline-rehabilitationsklinik-halle-saale\/neue-ausgabe-unseres-patienten-magazins-ist-erschienen-2\/#breadcrumb\",\"itemListElement\":[{\"@type\":\"ListItem\",\"position\":1,\"name\":\"Startseite\",\"item\":\"https:\/\/reha-flex.de\/saline-rehabilitationsklinik-halle-saale\/\"},{\"@type\":\"ListItem\",\"position\":2,\"name\":\"Neue Ausgabe unseres Patienten-Magazins ist erschienen\"}]},{\"@type\":\"WebSite\",\"@id\":\"https:\/\/reha-flex.de\/saline-rehabilitationsklinik-halle-saale\/#website\",\"url\":\"https:\/\/reha-flex.de\/saline-rehabilitationsklinik-halle-saale\/\",\"name\":\"Saline Rehabilitationsklinik Halle (Saale)\",\"description\":\"\",\"potentialAction\":[{\"@type\":\"SearchAction\",\"target\":{\"@type\":\"EntryPoint\",\"urlTemplate\":\"https:\/\/reha-flex.de\/saline-rehabilitationsklinik-halle-saale\/?s={search_term_string}\"},\"query-input\":{\"@type\":\"PropertyValueSpecification\",\"valueRequired\":true,\"valueName\":\"search_term_string\"}}],\"inLanguage\":\"de\"},{\"@type\":\"Person\",\"@id\":\"https:\/\/reha-flex.de\/saline-rehabilitationsklinik-halle-saale\/#\/schema\/person\/e859ea7c6762b2efe3bd9d30509b4333\",\"name\":\"chwalek\",\"url\":\"https:\/\/reha-flex.de\/saline-rehabilitationsklinik-halle-saale\/author\/chwalek\/\"}]}<\/script>\n<!-- \/ Yoast SEO plugin. -->","yoast_head_json":{"title":"Neue Ausgabe unseres Patienten-Magazins ist erschienen - Saline Rehabilitationsklinik Halle (Saale)","robots":{"index":"index","follow":"follow","max-snippet":"max-snippet:-1","max-image-preview":"max-image-preview:large","max-video-preview":"max-video-preview:-1"},"canonical":"https:\/\/reha-flex.de\/saline-rehabilitationsklinik-halle-saale\/neue-ausgabe-unseres-patienten-magazins-ist-erschienen-2\/","og_locale":"de_DE","og_type":"article","og_title":"Neue Ausgabe unseres Patienten-Magazins ist erschienen - Saline Rehabilitationsklinik Halle (Saale)","og_description":"Liebe Leserinnen, liebe Leser, auch 2022 k\u00f6nnen wir als positives Jahr verzeichnen \u2013 trotz Corona. Wir hoffen, dass die einrichtungsbezogene Impfpflicht ausl\u00e4uft und die Politik Corona jetzt endlich ad acta legt bzw. den Umgang mit Corona in die Eigenverantwortung der Menschen \u00fcbertr\u00e4gt. Seit fast drei Jahren geh\u00f6ren Ausnahmezust\u00e4nde zum Alltag. Die Corona- M\u00fcdigkeit und die...","og_url":"https:\/\/reha-flex.de\/saline-rehabilitationsklinik-halle-saale\/neue-ausgabe-unseres-patienten-magazins-ist-erschienen-2\/","og_site_name":"Saline Rehabilitationsklinik Halle (Saale)","article_published_time":"2022-12-20T19:31:18+00:00","og_image":[{"width":1920,"height":1278,"url":"http:\/\/reha-flex.de\/wp-content\/uploads\/sites\/2\/2022\/12\/Patienten-Magazin-HAL_322_neu_web.jpg","type":"image\/jpeg"}],"author":"chwalek","twitter_card":"summary_large_image","twitter_misc":{"Geschrieben von":"chwalek","Gesch\u00e4tzte Lesezeit":"2\u00a0Minuten"},"schema":{"@context":"https:\/\/schema.org","@graph":[{"@type":"Article","@id":"https:\/\/reha-flex.de\/saline-rehabilitationsklinik-halle-saale\/neue-ausgabe-unseres-patienten-magazins-ist-erschienen-2\/#article","isPartOf":{"@id":"https:\/\/reha-flex.de\/saline-rehabilitationsklinik-halle-saale\/neue-ausgabe-unseres-patienten-magazins-ist-erschienen-2\/"},"author":{"name":"chwalek","@id":"https:\/\/reha-flex.de\/saline-rehabilitationsklinik-halle-saale\/#\/schema\/person\/e859ea7c6762b2efe3bd9d30509b4333"},"headline":"Neue Ausgabe unseres Patienten-Magazins ist erschienen","datePublished":"2022-12-20T19:31:18+00:00","mainEntityOfPage":{"@id":"https:\/\/reha-flex.de\/saline-rehabilitationsklinik-halle-saale\/neue-ausgabe-unseres-patienten-magazins-ist-erschienen-2\/"},"wordCount":258,"image":{"@id":"https:\/\/reha-flex.de\/saline-rehabilitationsklinik-halle-saale\/neue-ausgabe-unseres-patienten-magazins-ist-erschienen-2\/#primaryimage"},"thumbnailUrl":"https:\/\/reha-flex.de\/wp-content\/uploads\/sites\/2\/2022\/12\/Patienten-Magazin-HAL_322_neu_web.jpg","articleSection":["Aktuelles"],"inLanguage":"de"},{"@type":"WebPage","@id":"https:\/\/reha-flex.de\/saline-rehabilitationsklinik-halle-saale\/neue-ausgabe-unseres-patienten-magazins-ist-erschienen-2\/","url":"https:\/\/reha-flex.de\/saline-rehabilitationsklinik-halle-saale\/neue-ausgabe-unseres-patienten-magazins-ist-erschienen-2\/","name":"Neue Ausgabe unseres Patienten-Magazins ist erschienen - Saline Rehabilitationsklinik Halle (Saale)","isPartOf":{"@id":"https:\/\/reha-flex.de\/saline-rehabilitationsklinik-halle-saale\/#website"},"primaryImageOfPage":{"@id":"https:\/\/reha-flex.de\/saline-rehabilitationsklinik-halle-saale\/neue-ausgabe-unseres-patienten-magazins-ist-erschienen-2\/#primaryimage"},"image":{"@id":"https:\/\/reha-flex.de\/saline-rehabilitationsklinik-halle-saale\/neue-ausgabe-unseres-patienten-magazins-ist-erschienen-2\/#primaryimage"},"thumbnailUrl":"https:\/\/reha-flex.de\/wp-content\/uploads\/sites\/2\/2022\/12\/Patienten-Magazin-HAL_322_neu_web.jpg","datePublished":"2022-12-20T19:31:18+00:00","author":{"@id":"https:\/\/reha-flex.de\/saline-rehabilitationsklinik-halle-saale\/#\/schema\/person\/e859ea7c6762b2efe3bd9d30509b4333"},"breadcrumb":{"@id":"https:\/\/reha-flex.de\/saline-rehabilitationsklinik-halle-saale\/neue-ausgabe-unseres-patienten-magazins-ist-erschienen-2\/#breadcrumb"},"inLanguage":"de","potentialAction":[{"@type":"ReadAction","target":["https:\/\/reha-flex.de\/saline-rehabilitationsklinik-halle-saale\/neue-ausgabe-unseres-patienten-magazins-ist-erschienen-2\/"]}]},{"@type":"ImageObject","inLanguage":"de","@id":"https:\/\/reha-flex.de\/saline-rehabilitationsklinik-halle-saale\/neue-ausgabe-unseres-patienten-magazins-ist-erschienen-2\/#primaryimage","url":"https:\/\/reha-flex.de\/wp-content\/uploads\/sites\/2\/2022\/12\/Patienten-Magazin-HAL_322_neu_web.jpg","contentUrl":"https:\/\/reha-flex.de\/wp-content\/uploads\/sites\/2\/2022\/12\/Patienten-Magazin-HAL_322_neu_web.jpg","width":1920,"height":1278},{"@type":"BreadcrumbList","@id":"https:\/\/reha-flex.de\/saline-rehabilitationsklinik-halle-saale\/neue-ausgabe-unseres-patienten-magazins-ist-erschienen-2\/#breadcrumb","itemListElement":[{"@type":"ListItem","position":1,"name":"Startseite","item":"https:\/\/reha-flex.de\/saline-rehabilitationsklinik-halle-saale\/"},{"@type":"ListItem","position":2,"name":"Neue Ausgabe unseres Patienten-Magazins ist erschienen"}]},{"@type":"WebSite","@id":"https:\/\/reha-flex.de\/saline-rehabilitationsklinik-halle-saale\/#website","url":"https:\/\/reha-flex.de\/saline-rehabilitationsklinik-halle-saale\/","name":"Saline Rehabilitationsklinik Halle (Saale)","description":"","potentialAction":[{"@type":"SearchAction","target":{"@type":"EntryPoint","urlTemplate":"https:\/\/reha-flex.de\/saline-rehabilitationsklinik-halle-saale\/?s={search_term_string}"},"query-input":{"@type":"PropertyValueSpecification","valueRequired":true,"valueName":"search_term_string"}}],"inLanguage":"de"},{"@type":"Person","@id":"https:\/\/reha-flex.de\/saline-rehabilitationsklinik-halle-saale\/#\/schema\/person\/e859ea7c6762b2efe3bd9d30509b4333","name":"chwalek","url":"https:\/\/reha-flex.de\/saline-rehabilitationsklinik-halle-saale\/author\/chwalek\/"}]}},"_links":{"self":[{"href":"https:\/\/reha-flex.de\/saline-rehabilitationsklinik-halle-saale\/wp-json\/wp\/v2\/posts\/1563","targetHints":{"allow":["GET"]}}],"collection":[{"href":"https:\/\/reha-flex.de\/saline-rehabilitationsklinik-halle-saale\/wp-json\/wp\/v2\/posts"}],"about":[{"href":"https:\/\/reha-flex.de\/saline-rehabilitationsklinik-halle-saale\/wp-json\/wp\/v2\/types\/post"}],"author":[{"embeddable":true,"href":"https:\/\/reha-flex.de\/saline-rehabilitationsklinik-halle-saale\/wp-json\/wp\/v2\/users\/2"}],"replies":[{"embeddable":true,"href":"https:\/\/reha-flex.de\/saline-rehabilitationsklinik-halle-saale\/wp-json\/wp\/v2\/comments?post=1563"}],"version-history":[{"count":1,"href":"https:\/\/reha-flex.de\/saline-rehabilitationsklinik-halle-saale\/wp-json\/wp\/v2\/posts\/1563\/revisions"}],"predecessor-version":[{"id":1565,"href":"https:\/\/reha-flex.de\/saline-rehabilitationsklinik-halle-saale\/wp-json\/wp\/v2\/posts\/1563\/revisions\/1565"}],"wp:featuredmedia":[{"embeddable":true,"href":"https:\/\/reha-flex.de\/saline-rehabilitationsklinik-halle-saale\/wp-json\/wp\/v2\/media\/1564"}],"wp:attachment":[{"href":"https:\/\/reha-flex.de\/saline-rehabilitationsklinik-halle-saale\/wp-json\/wp\/v2\/media?parent=1563"}],"wp:term":[{"taxonomy":"category","embeddable":true,"href":"https:\/\/reha-flex.de\/saline-rehabilitationsklinik-halle-saale\/wp-json\/wp\/v2\/categories?post=1563"},{"taxonomy":"post_tag","embeddable":true,"href":"https:\/\/reha-flex.de\/saline-rehabilitationsklinik-halle-saale\/wp-json\/wp\/v2\/tags?post=1563"}],"curies":[{"name":"wp","href":"https:\/\/api.w.org\/{rel}","templated":true}]}}