{"id":1599,"date":"2023-02-22T10:43:11","date_gmt":"2023-02-22T09:43:11","guid":{"rendered":"https:\/\/reha-flex.de\/saline-rehabilitationsklinik-halle-saale\/?p=1599"},"modified":"2023-02-23T11:11:52","modified_gmt":"2023-02-23T10:11:52","slug":"wiedereroeffnung-bewegungsbad-zum-06-03-2023","status":"publish","type":"post","link":"https:\/\/reha-flex.de\/saline-rehabilitationsklinik-halle-saale\/wiedereroeffnung-bewegungsbad-zum-06-03-2023\/","title":{"rendered":"Wiederer\u00f6ffnung Bewegungsbad zum 06.03.2023"},"content":{"rendered":"<p>Sehr geehrte Patienten, Patientinnen und Vereine<br \/>\nsowie Interessierte,<\/p>\n<p>wir freuen uns, Ihnen mitteilen zu k\u00f6nnen, dass reha FLEX zum 06.03.2023 an beiden Standorten in Halle und Sangerhausen das Bewegungsbad und die anderen Warm-Wassertherapien wie UWM, 2- und 4-Zellenbad, medizinische Teil- oder Vollb\u00e4der wieder allen Patienten zur Therapie anbieten wird.<\/p>\n<p>Auf Grund der immensen Preissteigerung f\u00fcr Gas und Strom werden wir die Wassertemperatur wie bereits im zweiten Halbjahr 2022 abgesenkt auf 30\u00b0C beibehalten. Das letzte halbe Jahr hat gezeigt, dass die Patienten diese Absenkung sp\u00fcren, aber eine sinnvolle angenehme Nutzung zur Therapie noch m\u00f6glich ist und dass alle Patienten f\u00fcr diese Ma\u00dfnahme Verst\u00e4ndnis haben.<\/p>\n<p>reha FLEX trifft diese Entscheidung im Interesse der Aufrechterhaltung dieser wichtigen und n\u00fctzlichen Therapien f\u00fcr die Patienten.<br \/>\nBetriebswirtschaftlich ist die geplante Wiederer\u00f6ffnung pures Vernichten von Betriebsverm\u00f6gen. Die unmittelbaren aber auch langfristigen wirtschaftlichen Auswirkungen der europ\u00e4ischen Energiepolitik sind sehr vielschichtig und nicht immer auf den ersten Blick f\u00fcr Au\u00dfenstehende greifbar, u.a. verzichten Mitarbeiter auf Weiterbildungen, andere Investitionen werden zur\u00fcckgestellt.<br \/>\nDie von der Bundesregierung deklarierten Hilfspakete der Gas- und Strompreisbremse sind immer noch ein Vielfaches der bisherigen Kosten und entsprechen nicht im Mindesten den internationalen Marktpreisen.<\/p>\n<p>Zu unserem Erschrecken und aber auch Ern\u00fcchterung m\u00fcssen wir leider feststellen, dass die Kostentr\u00e4ger, die Krankenkassen, die Rentenversicherung und die Berufsgenossenschaften bisher keine Angebote der Unterst\u00fctzung f\u00fcr diese kostenintensiven Therapien unterbreiten.<br \/>\nBisher tr\u00e4gt reha FLEX die aktuellen Mehr-Kosten f\u00fcr diese Warmwassertherapie allein.<\/p>\n<p>F\u00fcr externe Nutzer wie die Rheumaliga, den Kneippverein, das Babyschwimmen und den Schwimmlernkurs \u201eSeepferdchen\u201c m\u00fcssen wir jedoch die Nutzungspauschale erh\u00f6hen. Daf\u00fcr bitten wir um Verst\u00e4ndnis.<\/p>\n<p>Wir freuen uns, Sie wieder zur Warmwassertherapie in unseren R\u00e4umlichkeiten begr\u00fc\u00dfen zu k\u00f6nnen. Alle vorgeschriebenen und geplanten Wartungs- und Reparaturarbeiten sind abgeschlossen.<\/p>\n<p>&nbsp;<\/p>\n<p>Mit freundlichen Gr\u00fc\u00dfen<\/p>\n<p>Axel Witt<br \/>\nGesch\u00e4ftsf\u00fchrer<\/p>\n<p class=\"p1\">\n","protected":false},"excerpt":{"rendered":"<p>Sehr geehrte Patienten, Patientinnen und Vereine sowie Interessierte, wir freuen uns, Ihnen mitteilen zu k\u00f6nnen, dass reha FLEX zum 06.03.2023 an beiden Standorten in Halle und Sangerhausen das Bewegungsbad und die anderen Warm-Wassertherapien wie UWM, 2- und 4-Zellenbad, medizinische Teil- oder Vollb\u00e4der wieder allen Patienten zur Therapie anbieten wird. Auf Grund der immensen Preissteigerung f\u00fcr&#8230;<\/p>\n","protected":false},"author":2,"featured_media":297,"comment_status":"closed","ping_status":"open","sticky":false,"template":"","format":"standard","meta":{"footnotes":""},"categories":[3],"tags":[],"class_list":["post-1599","post","type-post","status-publish","format-standard","has-post-thumbnail","hentry","category-aktuelles"],"yoast_head":"<!-- This site is optimized with the Yoast SEO plugin v26.9 - https:\/\/yoast.com\/product\/yoast-seo-wordpress\/ -->\n<title>Wiederer\u00f6ffnung Bewegungsbad zum 06.03.2023 - Saline Rehabilitationsklinik Halle (Saale)<\/title>\n<meta name=\"robots\" content=\"index, follow, max-snippet:-1, max-image-preview:large, max-video-preview:-1\" \/>\n<link rel=\"canonical\" href=\"https:\/\/reha-flex.de\/saline-rehabilitationsklinik-halle-saale\/wiedereroeffnung-bewegungsbad-zum-06-03-2023\/\" \/>\n<meta property=\"og:locale\" content=\"de_DE\" \/>\n<meta property=\"og:type\" content=\"article\" \/>\n<meta property=\"og:title\" content=\"Wiederer\u00f6ffnung Bewegungsbad zum 06.03.2023 - Saline Rehabilitationsklinik Halle (Saale)\" \/>\n<meta property=\"og:description\" content=\"Sehr geehrte Patienten, Patientinnen und Vereine sowie Interessierte, wir freuen uns, Ihnen mitteilen zu k\u00f6nnen, dass reha FLEX zum 06.03.2023 an beiden Standorten in Halle und Sangerhausen das Bewegungsbad und die anderen Warm-Wassertherapien wie UWM, 2- und 4-Zellenbad, medizinische Teil- oder Vollb\u00e4der wieder allen Patienten zur Therapie anbieten wird. Auf Grund der immensen Preissteigerung f\u00fcr...\" \/>\n<meta property=\"og:url\" content=\"https:\/\/reha-flex.de\/saline-rehabilitationsklinik-halle-saale\/wiedereroeffnung-bewegungsbad-zum-06-03-2023\/\" \/>\n<meta property=\"og:site_name\" content=\"Saline Rehabilitationsklinik Halle (Saale)\" \/>\n<meta property=\"article:published_time\" content=\"2023-02-22T09:43:11+00:00\" \/>\n<meta property=\"article:modified_time\" content=\"2023-02-23T10:11:52+00:00\" \/>\n<meta property=\"og:image\" content=\"http:\/\/reha-flex.de\/wp-content\/uploads\/sites\/2\/2020\/10\/Saline-Bewegungsbad.jpg\" \/>\n\t<meta property=\"og:image:width\" content=\"1920\" \/>\n\t<meta property=\"og:image:height\" content=\"1247\" \/>\n\t<meta property=\"og:image:type\" content=\"image\/jpeg\" \/>\n<meta name=\"author\" content=\"chwalek\" \/>\n<meta name=\"twitter:card\" content=\"summary_large_image\" \/>\n<meta name=\"twitter:label1\" content=\"Geschrieben von\" \/>\n\t<meta name=\"twitter:data1\" content=\"chwalek\" \/>\n\t<meta name=\"twitter:label2\" content=\"Gesch\u00e4tzte Lesezeit\" \/>\n\t<meta name=\"twitter:data2\" content=\"2\u00a0Minuten\" \/>\n<script type=\"application\/ld+json\" class=\"yoast-schema-graph\">{\"@context\":\"https:\/\/schema.org\",\"@graph\":[{\"@type\":\"Article\",\"@id\":\"https:\/\/reha-flex.de\/saline-rehabilitationsklinik-halle-saale\/wiedereroeffnung-bewegungsbad-zum-06-03-2023\/#article\",\"isPartOf\":{\"@id\":\"https:\/\/reha-flex.de\/saline-rehabilitationsklinik-halle-saale\/wiedereroeffnung-bewegungsbad-zum-06-03-2023\/\"},\"author\":{\"name\":\"chwalek\",\"@id\":\"https:\/\/reha-flex.de\/saline-rehabilitationsklinik-halle-saale\/#\/schema\/person\/e859ea7c6762b2efe3bd9d30509b4333\"},\"headline\":\"Wiederer\u00f6ffnung Bewegungsbad zum 06.03.2023\",\"datePublished\":\"2023-02-22T09:43:11+00:00\",\"dateModified\":\"2023-02-23T10:11:52+00:00\",\"mainEntityOfPage\":{\"@id\":\"https:\/\/reha-flex.de\/saline-rehabilitationsklinik-halle-saale\/wiedereroeffnung-bewegungsbad-zum-06-03-2023\/\"},\"wordCount\":320,\"image\":{\"@id\":\"https:\/\/reha-flex.de\/saline-rehabilitationsklinik-halle-saale\/wiedereroeffnung-bewegungsbad-zum-06-03-2023\/#primaryimage\"},\"thumbnailUrl\":\"https:\/\/reha-flex.de\/wp-content\/uploads\/sites\/2\/2020\/10\/Saline-Bewegungsbad.jpg\",\"articleSection\":[\"Aktuelles\"],\"inLanguage\":\"de\"},{\"@type\":\"WebPage\",\"@id\":\"https:\/\/reha-flex.de\/saline-rehabilitationsklinik-halle-saale\/wiedereroeffnung-bewegungsbad-zum-06-03-2023\/\",\"url\":\"https:\/\/reha-flex.de\/saline-rehabilitationsklinik-halle-saale\/wiedereroeffnung-bewegungsbad-zum-06-03-2023\/\",\"name\":\"Wiederer\u00f6ffnung Bewegungsbad zum 06.03.2023 - Saline Rehabilitationsklinik Halle (Saale)\",\"isPartOf\":{\"@id\":\"https:\/\/reha-flex.de\/saline-rehabilitationsklinik-halle-saale\/#website\"},\"primaryImageOfPage\":{\"@id\":\"https:\/\/reha-flex.de\/saline-rehabilitationsklinik-halle-saale\/wiedereroeffnung-bewegungsbad-zum-06-03-2023\/#primaryimage\"},\"image\":{\"@id\":\"https:\/\/reha-flex.de\/saline-rehabilitationsklinik-halle-saale\/wiedereroeffnung-bewegungsbad-zum-06-03-2023\/#primaryimage\"},\"thumbnailUrl\":\"https:\/\/reha-flex.de\/wp-content\/uploads\/sites\/2\/2020\/10\/Saline-Bewegungsbad.jpg\",\"datePublished\":\"2023-02-22T09:43:11+00:00\",\"dateModified\":\"2023-02-23T10:11:52+00:00\",\"author\":{\"@id\":\"https:\/\/reha-flex.de\/saline-rehabilitationsklinik-halle-saale\/#\/schema\/person\/e859ea7c6762b2efe3bd9d30509b4333\"},\"breadcrumb\":{\"@id\":\"https:\/\/reha-flex.de\/saline-rehabilitationsklinik-halle-saale\/wiedereroeffnung-bewegungsbad-zum-06-03-2023\/#breadcrumb\"},\"inLanguage\":\"de\",\"potentialAction\":[{\"@type\":\"ReadAction\",\"target\":[\"https:\/\/reha-flex.de\/saline-rehabilitationsklinik-halle-saale\/wiedereroeffnung-bewegungsbad-zum-06-03-2023\/\"]}]},{\"@type\":\"ImageObject\",\"inLanguage\":\"de\",\"@id\":\"https:\/\/reha-flex.de\/saline-rehabilitationsklinik-halle-saale\/wiedereroeffnung-bewegungsbad-zum-06-03-2023\/#primaryimage\",\"url\":\"https:\/\/reha-flex.de\/wp-content\/uploads\/sites\/2\/2020\/10\/Saline-Bewegungsbad.jpg\",\"contentUrl\":\"https:\/\/reha-flex.de\/wp-content\/uploads\/sites\/2\/2020\/10\/Saline-Bewegungsbad.jpg\",\"width\":1920,\"height\":1247},{\"@type\":\"BreadcrumbList\",\"@id\":\"https:\/\/reha-flex.de\/saline-rehabilitationsklinik-halle-saale\/wiedereroeffnung-bewegungsbad-zum-06-03-2023\/#breadcrumb\",\"itemListElement\":[{\"@type\":\"ListItem\",\"position\":1,\"name\":\"Startseite\",\"item\":\"https:\/\/reha-flex.de\/saline-rehabilitationsklinik-halle-saale\/\"},{\"@type\":\"ListItem\",\"position\":2,\"name\":\"Wiederer\u00f6ffnung Bewegungsbad zum 06.03.2023\"}]},{\"@type\":\"WebSite\",\"@id\":\"https:\/\/reha-flex.de\/saline-rehabilitationsklinik-halle-saale\/#website\",\"url\":\"https:\/\/reha-flex.de\/saline-rehabilitationsklinik-halle-saale\/\",\"name\":\"Saline Rehabilitationsklinik Halle (Saale)\",\"description\":\"\",\"potentialAction\":[{\"@type\":\"SearchAction\",\"target\":{\"@type\":\"EntryPoint\",\"urlTemplate\":\"https:\/\/reha-flex.de\/saline-rehabilitationsklinik-halle-saale\/?s={search_term_string}\"},\"query-input\":{\"@type\":\"PropertyValueSpecification\",\"valueRequired\":true,\"valueName\":\"search_term_string\"}}],\"inLanguage\":\"de\"},{\"@type\":\"Person\",\"@id\":\"https:\/\/reha-flex.de\/saline-rehabilitationsklinik-halle-saale\/#\/schema\/person\/e859ea7c6762b2efe3bd9d30509b4333\",\"name\":\"chwalek\",\"url\":\"https:\/\/reha-flex.de\/saline-rehabilitationsklinik-halle-saale\/author\/chwalek\/\"}]}<\/script>\n<!-- \/ Yoast SEO plugin. -->","yoast_head_json":{"title":"Wiederer\u00f6ffnung Bewegungsbad zum 06.03.2023 - Saline Rehabilitationsklinik Halle (Saale)","robots":{"index":"index","follow":"follow","max-snippet":"max-snippet:-1","max-image-preview":"max-image-preview:large","max-video-preview":"max-video-preview:-1"},"canonical":"https:\/\/reha-flex.de\/saline-rehabilitationsklinik-halle-saale\/wiedereroeffnung-bewegungsbad-zum-06-03-2023\/","og_locale":"de_DE","og_type":"article","og_title":"Wiederer\u00f6ffnung Bewegungsbad zum 06.03.2023 - Saline Rehabilitationsklinik Halle (Saale)","og_description":"Sehr geehrte Patienten, Patientinnen und Vereine sowie Interessierte, wir freuen uns, Ihnen mitteilen zu k\u00f6nnen, dass reha FLEX zum 06.03.2023 an beiden Standorten in Halle und Sangerhausen das Bewegungsbad und die anderen Warm-Wassertherapien wie UWM, 2- und 4-Zellenbad, medizinische Teil- oder Vollb\u00e4der wieder allen Patienten zur Therapie anbieten wird. Auf Grund der immensen Preissteigerung f\u00fcr...","og_url":"https:\/\/reha-flex.de\/saline-rehabilitationsklinik-halle-saale\/wiedereroeffnung-bewegungsbad-zum-06-03-2023\/","og_site_name":"Saline Rehabilitationsklinik Halle (Saale)","article_published_time":"2023-02-22T09:43:11+00:00","article_modified_time":"2023-02-23T10:11:52+00:00","og_image":[{"width":1920,"height":1247,"url":"http:\/\/reha-flex.de\/wp-content\/uploads\/sites\/2\/2020\/10\/Saline-Bewegungsbad.jpg","type":"image\/jpeg"}],"author":"chwalek","twitter_card":"summary_large_image","twitter_misc":{"Geschrieben von":"chwalek","Gesch\u00e4tzte Lesezeit":"2\u00a0Minuten"},"schema":{"@context":"https:\/\/schema.org","@graph":[{"@type":"Article","@id":"https:\/\/reha-flex.de\/saline-rehabilitationsklinik-halle-saale\/wiedereroeffnung-bewegungsbad-zum-06-03-2023\/#article","isPartOf":{"@id":"https:\/\/reha-flex.de\/saline-rehabilitationsklinik-halle-saale\/wiedereroeffnung-bewegungsbad-zum-06-03-2023\/"},"author":{"name":"chwalek","@id":"https:\/\/reha-flex.de\/saline-rehabilitationsklinik-halle-saale\/#\/schema\/person\/e859ea7c6762b2efe3bd9d30509b4333"},"headline":"Wiederer\u00f6ffnung Bewegungsbad zum 06.03.2023","datePublished":"2023-02-22T09:43:11+00:00","dateModified":"2023-02-23T10:11:52+00:00","mainEntityOfPage":{"@id":"https:\/\/reha-flex.de\/saline-rehabilitationsklinik-halle-saale\/wiedereroeffnung-bewegungsbad-zum-06-03-2023\/"},"wordCount":320,"image":{"@id":"https:\/\/reha-flex.de\/saline-rehabilitationsklinik-halle-saale\/wiedereroeffnung-bewegungsbad-zum-06-03-2023\/#primaryimage"},"thumbnailUrl":"https:\/\/reha-flex.de\/wp-content\/uploads\/sites\/2\/2020\/10\/Saline-Bewegungsbad.jpg","articleSection":["Aktuelles"],"inLanguage":"de"},{"@type":"WebPage","@id":"https:\/\/reha-flex.de\/saline-rehabilitationsklinik-halle-saale\/wiedereroeffnung-bewegungsbad-zum-06-03-2023\/","url":"https:\/\/reha-flex.de\/saline-rehabilitationsklinik-halle-saale\/wiedereroeffnung-bewegungsbad-zum-06-03-2023\/","name":"Wiederer\u00f6ffnung Bewegungsbad zum 06.03.2023 - Saline Rehabilitationsklinik Halle (Saale)","isPartOf":{"@id":"https:\/\/reha-flex.de\/saline-rehabilitationsklinik-halle-saale\/#website"},"primaryImageOfPage":{"@id":"https:\/\/reha-flex.de\/saline-rehabilitationsklinik-halle-saale\/wiedereroeffnung-bewegungsbad-zum-06-03-2023\/#primaryimage"},"image":{"@id":"https:\/\/reha-flex.de\/saline-rehabilitationsklinik-halle-saale\/wiedereroeffnung-bewegungsbad-zum-06-03-2023\/#primaryimage"},"thumbnailUrl":"https:\/\/reha-flex.de\/wp-content\/uploads\/sites\/2\/2020\/10\/Saline-Bewegungsbad.jpg","datePublished":"2023-02-22T09:43:11+00:00","dateModified":"2023-02-23T10:11:52+00:00","author":{"@id":"https:\/\/reha-flex.de\/saline-rehabilitationsklinik-halle-saale\/#\/schema\/person\/e859ea7c6762b2efe3bd9d30509b4333"},"breadcrumb":{"@id":"https:\/\/reha-flex.de\/saline-rehabilitationsklinik-halle-saale\/wiedereroeffnung-bewegungsbad-zum-06-03-2023\/#breadcrumb"},"inLanguage":"de","potentialAction":[{"@type":"ReadAction","target":["https:\/\/reha-flex.de\/saline-rehabilitationsklinik-halle-saale\/wiedereroeffnung-bewegungsbad-zum-06-03-2023\/"]}]},{"@type":"ImageObject","inLanguage":"de","@id":"https:\/\/reha-flex.de\/saline-rehabilitationsklinik-halle-saale\/wiedereroeffnung-bewegungsbad-zum-06-03-2023\/#primaryimage","url":"https:\/\/reha-flex.de\/wp-content\/uploads\/sites\/2\/2020\/10\/Saline-Bewegungsbad.jpg","contentUrl":"https:\/\/reha-flex.de\/wp-content\/uploads\/sites\/2\/2020\/10\/Saline-Bewegungsbad.jpg","width":1920,"height":1247},{"@type":"BreadcrumbList","@id":"https:\/\/reha-flex.de\/saline-rehabilitationsklinik-halle-saale\/wiedereroeffnung-bewegungsbad-zum-06-03-2023\/#breadcrumb","itemListElement":[{"@type":"ListItem","position":1,"name":"Startseite","item":"https:\/\/reha-flex.de\/saline-rehabilitationsklinik-halle-saale\/"},{"@type":"ListItem","position":2,"name":"Wiederer\u00f6ffnung Bewegungsbad zum 06.03.2023"}]},{"@type":"WebSite","@id":"https:\/\/reha-flex.de\/saline-rehabilitationsklinik-halle-saale\/#website","url":"https:\/\/reha-flex.de\/saline-rehabilitationsklinik-halle-saale\/","name":"Saline Rehabilitationsklinik Halle (Saale)","description":"","potentialAction":[{"@type":"SearchAction","target":{"@type":"EntryPoint","urlTemplate":"https:\/\/reha-flex.de\/saline-rehabilitationsklinik-halle-saale\/?s={search_term_string}"},"query-input":{"@type":"PropertyValueSpecification","valueRequired":true,"valueName":"search_term_string"}}],"inLanguage":"de"},{"@type":"Person","@id":"https:\/\/reha-flex.de\/saline-rehabilitationsklinik-halle-saale\/#\/schema\/person\/e859ea7c6762b2efe3bd9d30509b4333","name":"chwalek","url":"https:\/\/reha-flex.de\/saline-rehabilitationsklinik-halle-saale\/author\/chwalek\/"}]}},"_links":{"self":[{"href":"https:\/\/reha-flex.de\/saline-rehabilitationsklinik-halle-saale\/wp-json\/wp\/v2\/posts\/1599","targetHints":{"allow":["GET"]}}],"collection":[{"href":"https:\/\/reha-flex.de\/saline-rehabilitationsklinik-halle-saale\/wp-json\/wp\/v2\/posts"}],"about":[{"href":"https:\/\/reha-flex.de\/saline-rehabilitationsklinik-halle-saale\/wp-json\/wp\/v2\/types\/post"}],"author":[{"embeddable":true,"href":"https:\/\/reha-flex.de\/saline-rehabilitationsklinik-halle-saale\/wp-json\/wp\/v2\/users\/2"}],"replies":[{"embeddable":true,"href":"https:\/\/reha-flex.de\/saline-rehabilitationsklinik-halle-saale\/wp-json\/wp\/v2\/comments?post=1599"}],"version-history":[{"count":3,"href":"https:\/\/reha-flex.de\/saline-rehabilitationsklinik-halle-saale\/wp-json\/wp\/v2\/posts\/1599\/revisions"}],"predecessor-version":[{"id":1602,"href":"https:\/\/reha-flex.de\/saline-rehabilitationsklinik-halle-saale\/wp-json\/wp\/v2\/posts\/1599\/revisions\/1602"}],"wp:featuredmedia":[{"embeddable":true,"href":"https:\/\/reha-flex.de\/saline-rehabilitationsklinik-halle-saale\/wp-json\/wp\/v2\/media\/297"}],"wp:attachment":[{"href":"https:\/\/reha-flex.de\/saline-rehabilitationsklinik-halle-saale\/wp-json\/wp\/v2\/media?parent=1599"}],"wp:term":[{"taxonomy":"category","embeddable":true,"href":"https:\/\/reha-flex.de\/saline-rehabilitationsklinik-halle-saale\/wp-json\/wp\/v2\/categories?post=1599"},{"taxonomy":"post_tag","embeddable":true,"href":"https:\/\/reha-flex.de\/saline-rehabilitationsklinik-halle-saale\/wp-json\/wp\/v2\/tags?post=1599"}],"curies":[{"name":"wp","href":"https:\/\/api.w.org\/{rel}","templated":true}]}}