{"id":1633,"date":"2023-06-06T12:46:45","date_gmt":"2023-06-06T10:46:45","guid":{"rendered":"https:\/\/reha-flex.de\/saline-rehabilitationsklinik-halle-saale\/?p=1633"},"modified":"2023-06-06T12:46:45","modified_gmt":"2023-06-06T10:46:45","slug":"ausgabe-56-unseres-patienten-magazins-ist-erschienen","status":"publish","type":"post","link":"https:\/\/reha-flex.de\/saline-rehabilitationsklinik-halle-saale\/ausgabe-56-unseres-patienten-magazins-ist-erschienen\/","title":{"rendered":"Ausgabe 56 unseres Patienten-Magazins ist erschienen"},"content":{"rendered":"<p>Liebe Leserinnen, liebe Leser,<\/p>\n<p class=\"p1\">die letzten bundesweiten Vorgaben bez\u00fcglich der Corona-Pandemie sind im April ausgelaufen. Damit ist nach etwa drei Jahren diese Pandemie nun auch offiziell zu ENDE. Tiefgreifende Erinnerungen und Erfahrungen werden bleiben. Diese Zeit hat die Gesellschaft ver\u00e4ndert und die Menschen haben sich ver\u00e4ndert. Die Gesellschaft ist gespalten wie noch nie. Viele Menschen haben sich in das \u201ePrivate\u201c zur\u00fcckgezogen und ihr Vertrauen in die politische F\u00fchrung und wissenschaftliche Eliten verloren.<\/p>\n<p class=\"p1\">Ich konnte wieder einmal in einer Stresssituation (wie bereits w\u00e4hrend der dramatischen Hochwasser-Tage im Juni 2013) eine gro\u00dfartige Erfahrung mit unseren Mitarbeitern und Patienten machen. Alle Kolleginnen und Kollegen haben im Interesse der Patienten und der Firma mitgezogen. Es gab Diskussionen, es gab Wiederspr\u00fcche, es gab Hinweise, es gab starke Kontroversen. Aber zum Schluss waren wir uns einig: Alle wollten arbeiten und f\u00fcr die Patienten da sein. Wir wollten den Krankenh\u00e4usern der Stadt und der Umgebung ein verl\u00e4sslicher Partner sein. Die Zeit hat auch zwischenmenschliche Wunden geheilt bzw. verblassen lassen. Toleranz und Akzeptanz siegten letztendlich. Wir, alle Mitarbeiter von reha FLEX, haben die gesamte Zeit der Pandemie durchgearbeitet.<\/p>\n<p class=\"p1\">Ich danke allen Kolleginnen und Kollegen f\u00fcr Ihr Vertrauen in unser eigenes gemeinsames Vorgehen. Wir haben uns nicht von einer sehr einseitigen Medienlandschaft manipulieren lassen und haben unseren schauspielenden Politikern sowie Wissenschaftlern nicht alles abgenommen. Wir sind unseren Weg gegangen \u2013 gemeinsam. Wir haben im Interesse der Patienten einfach gearbeitet und uns hat keiner beklatscht.<\/p>\n<p>Axel Witt ist Gesch\u00e4ftsf\u00fchrer der reha FLEX Saline Rehabilitationsklinik im Herzen der Saalestadt<\/p>\n<p>&nbsp;<\/p>\n","protected":false},"excerpt":{"rendered":"<p>Liebe Leserinnen, liebe Leser, die letzten bundesweiten Vorgaben bez\u00fcglich der Corona-Pandemie sind im April ausgelaufen. Damit ist nach etwa drei Jahren diese Pandemie nun auch offiziell zu ENDE. Tiefgreifende Erinnerungen und Erfahrungen werden bleiben. Diese Zeit hat die Gesellschaft ver\u00e4ndert und die Menschen haben sich ver\u00e4ndert. Die Gesellschaft ist gespalten wie noch nie. Viele Menschen&#8230;<\/p>\n","protected":false},"author":2,"featured_media":1634,"comment_status":"closed","ping_status":"open","sticky":false,"template":"","format":"standard","meta":{"footnotes":""},"categories":[3],"tags":[],"class_list":["post-1633","post","type-post","status-publish","format-standard","has-post-thumbnail","hentry","category-aktuelles"],"yoast_head":"<!-- This site is optimized with the Yoast SEO plugin v26.9 - https:\/\/yoast.com\/product\/yoast-seo-wordpress\/ -->\n<title>Ausgabe 56 unseres Patienten-Magazins ist erschienen - Saline Rehabilitationsklinik Halle (Saale)<\/title>\n<meta name=\"robots\" content=\"index, follow, max-snippet:-1, max-image-preview:large, max-video-preview:-1\" \/>\n<link rel=\"canonical\" href=\"https:\/\/reha-flex.de\/saline-rehabilitationsklinik-halle-saale\/ausgabe-56-unseres-patienten-magazins-ist-erschienen\/\" \/>\n<meta property=\"og:locale\" content=\"de_DE\" \/>\n<meta property=\"og:type\" content=\"article\" \/>\n<meta property=\"og:title\" content=\"Ausgabe 56 unseres Patienten-Magazins ist erschienen - Saline Rehabilitationsklinik Halle (Saale)\" \/>\n<meta property=\"og:description\" content=\"Liebe Leserinnen, liebe Leser, die letzten bundesweiten Vorgaben bez\u00fcglich der Corona-Pandemie sind im April ausgelaufen. Damit ist nach etwa drei Jahren diese Pandemie nun auch offiziell zu ENDE. Tiefgreifende Erinnerungen und Erfahrungen werden bleiben. Diese Zeit hat die Gesellschaft ver\u00e4ndert und die Menschen haben sich ver\u00e4ndert. Die Gesellschaft ist gespalten wie noch nie. Viele Menschen...\" \/>\n<meta property=\"og:url\" content=\"https:\/\/reha-flex.de\/saline-rehabilitationsklinik-halle-saale\/ausgabe-56-unseres-patienten-magazins-ist-erschienen\/\" \/>\n<meta property=\"og:site_name\" content=\"Saline Rehabilitationsklinik Halle (Saale)\" \/>\n<meta property=\"article:published_time\" content=\"2023-06-06T10:46:45+00:00\" \/>\n<meta property=\"og:image\" content=\"http:\/\/reha-flex.de\/wp-content\/uploads\/sites\/2\/2023\/06\/Patienten-Magazin-HAL_Nr.56-123_web.jpg\" \/>\n\t<meta property=\"og:image:width\" content=\"1920\" \/>\n\t<meta property=\"og:image:height\" content=\"1278\" \/>\n\t<meta property=\"og:image:type\" content=\"image\/jpeg\" \/>\n<meta name=\"author\" content=\"chwalek\" \/>\n<meta name=\"twitter:card\" content=\"summary_large_image\" \/>\n<meta name=\"twitter:label1\" content=\"Geschrieben von\" \/>\n\t<meta name=\"twitter:data1\" content=\"chwalek\" \/>\n\t<meta name=\"twitter:label2\" content=\"Gesch\u00e4tzte Lesezeit\" \/>\n\t<meta name=\"twitter:data2\" content=\"2\u00a0Minuten\" \/>\n<script type=\"application\/ld+json\" class=\"yoast-schema-graph\">{\"@context\":\"https:\/\/schema.org\",\"@graph\":[{\"@type\":\"Article\",\"@id\":\"https:\/\/reha-flex.de\/saline-rehabilitationsklinik-halle-saale\/ausgabe-56-unseres-patienten-magazins-ist-erschienen\/#article\",\"isPartOf\":{\"@id\":\"https:\/\/reha-flex.de\/saline-rehabilitationsklinik-halle-saale\/ausgabe-56-unseres-patienten-magazins-ist-erschienen\/\"},\"author\":{\"name\":\"chwalek\",\"@id\":\"https:\/\/reha-flex.de\/saline-rehabilitationsklinik-halle-saale\/#\/schema\/person\/e859ea7c6762b2efe3bd9d30509b4333\"},\"headline\":\"Ausgabe 56 unseres Patienten-Magazins ist erschienen\",\"datePublished\":\"2023-06-06T10:46:45+00:00\",\"mainEntityOfPage\":{\"@id\":\"https:\/\/reha-flex.de\/saline-rehabilitationsklinik-halle-saale\/ausgabe-56-unseres-patienten-magazins-ist-erschienen\/\"},\"wordCount\":266,\"image\":{\"@id\":\"https:\/\/reha-flex.de\/saline-rehabilitationsklinik-halle-saale\/ausgabe-56-unseres-patienten-magazins-ist-erschienen\/#primaryimage\"},\"thumbnailUrl\":\"https:\/\/reha-flex.de\/wp-content\/uploads\/sites\/2\/2023\/06\/Patienten-Magazin-HAL_Nr.56-123_web.jpg\",\"articleSection\":[\"Aktuelles\"],\"inLanguage\":\"de\"},{\"@type\":\"WebPage\",\"@id\":\"https:\/\/reha-flex.de\/saline-rehabilitationsklinik-halle-saale\/ausgabe-56-unseres-patienten-magazins-ist-erschienen\/\",\"url\":\"https:\/\/reha-flex.de\/saline-rehabilitationsklinik-halle-saale\/ausgabe-56-unseres-patienten-magazins-ist-erschienen\/\",\"name\":\"Ausgabe 56 unseres Patienten-Magazins ist erschienen - Saline Rehabilitationsklinik Halle (Saale)\",\"isPartOf\":{\"@id\":\"https:\/\/reha-flex.de\/saline-rehabilitationsklinik-halle-saale\/#website\"},\"primaryImageOfPage\":{\"@id\":\"https:\/\/reha-flex.de\/saline-rehabilitationsklinik-halle-saale\/ausgabe-56-unseres-patienten-magazins-ist-erschienen\/#primaryimage\"},\"image\":{\"@id\":\"https:\/\/reha-flex.de\/saline-rehabilitationsklinik-halle-saale\/ausgabe-56-unseres-patienten-magazins-ist-erschienen\/#primaryimage\"},\"thumbnailUrl\":\"https:\/\/reha-flex.de\/wp-content\/uploads\/sites\/2\/2023\/06\/Patienten-Magazin-HAL_Nr.56-123_web.jpg\",\"datePublished\":\"2023-06-06T10:46:45+00:00\",\"author\":{\"@id\":\"https:\/\/reha-flex.de\/saline-rehabilitationsklinik-halle-saale\/#\/schema\/person\/e859ea7c6762b2efe3bd9d30509b4333\"},\"breadcrumb\":{\"@id\":\"https:\/\/reha-flex.de\/saline-rehabilitationsklinik-halle-saale\/ausgabe-56-unseres-patienten-magazins-ist-erschienen\/#breadcrumb\"},\"inLanguage\":\"de\",\"potentialAction\":[{\"@type\":\"ReadAction\",\"target\":[\"https:\/\/reha-flex.de\/saline-rehabilitationsklinik-halle-saale\/ausgabe-56-unseres-patienten-magazins-ist-erschienen\/\"]}]},{\"@type\":\"ImageObject\",\"inLanguage\":\"de\",\"@id\":\"https:\/\/reha-flex.de\/saline-rehabilitationsklinik-halle-saale\/ausgabe-56-unseres-patienten-magazins-ist-erschienen\/#primaryimage\",\"url\":\"https:\/\/reha-flex.de\/wp-content\/uploads\/sites\/2\/2023\/06\/Patienten-Magazin-HAL_Nr.56-123_web.jpg\",\"contentUrl\":\"https:\/\/reha-flex.de\/wp-content\/uploads\/sites\/2\/2023\/06\/Patienten-Magazin-HAL_Nr.56-123_web.jpg\",\"width\":1920,\"height\":1278},{\"@type\":\"BreadcrumbList\",\"@id\":\"https:\/\/reha-flex.de\/saline-rehabilitationsklinik-halle-saale\/ausgabe-56-unseres-patienten-magazins-ist-erschienen\/#breadcrumb\",\"itemListElement\":[{\"@type\":\"ListItem\",\"position\":1,\"name\":\"Startseite\",\"item\":\"https:\/\/reha-flex.de\/saline-rehabilitationsklinik-halle-saale\/\"},{\"@type\":\"ListItem\",\"position\":2,\"name\":\"Ausgabe 56 unseres Patienten-Magazins ist erschienen\"}]},{\"@type\":\"WebSite\",\"@id\":\"https:\/\/reha-flex.de\/saline-rehabilitationsklinik-halle-saale\/#website\",\"url\":\"https:\/\/reha-flex.de\/saline-rehabilitationsklinik-halle-saale\/\",\"name\":\"Saline Rehabilitationsklinik Halle (Saale)\",\"description\":\"\",\"potentialAction\":[{\"@type\":\"SearchAction\",\"target\":{\"@type\":\"EntryPoint\",\"urlTemplate\":\"https:\/\/reha-flex.de\/saline-rehabilitationsklinik-halle-saale\/?s={search_term_string}\"},\"query-input\":{\"@type\":\"PropertyValueSpecification\",\"valueRequired\":true,\"valueName\":\"search_term_string\"}}],\"inLanguage\":\"de\"},{\"@type\":\"Person\",\"@id\":\"https:\/\/reha-flex.de\/saline-rehabilitationsklinik-halle-saale\/#\/schema\/person\/e859ea7c6762b2efe3bd9d30509b4333\",\"name\":\"chwalek\",\"url\":\"https:\/\/reha-flex.de\/saline-rehabilitationsklinik-halle-saale\/author\/chwalek\/\"}]}<\/script>\n<!-- \/ Yoast SEO plugin. -->","yoast_head_json":{"title":"Ausgabe 56 unseres Patienten-Magazins ist erschienen - Saline Rehabilitationsklinik Halle (Saale)","robots":{"index":"index","follow":"follow","max-snippet":"max-snippet:-1","max-image-preview":"max-image-preview:large","max-video-preview":"max-video-preview:-1"},"canonical":"https:\/\/reha-flex.de\/saline-rehabilitationsklinik-halle-saale\/ausgabe-56-unseres-patienten-magazins-ist-erschienen\/","og_locale":"de_DE","og_type":"article","og_title":"Ausgabe 56 unseres Patienten-Magazins ist erschienen - Saline Rehabilitationsklinik Halle (Saale)","og_description":"Liebe Leserinnen, liebe Leser, die letzten bundesweiten Vorgaben bez\u00fcglich der Corona-Pandemie sind im April ausgelaufen. Damit ist nach etwa drei Jahren diese Pandemie nun auch offiziell zu ENDE. Tiefgreifende Erinnerungen und Erfahrungen werden bleiben. Diese Zeit hat die Gesellschaft ver\u00e4ndert und die Menschen haben sich ver\u00e4ndert. Die Gesellschaft ist gespalten wie noch nie. Viele Menschen...","og_url":"https:\/\/reha-flex.de\/saline-rehabilitationsklinik-halle-saale\/ausgabe-56-unseres-patienten-magazins-ist-erschienen\/","og_site_name":"Saline Rehabilitationsklinik Halle (Saale)","article_published_time":"2023-06-06T10:46:45+00:00","og_image":[{"width":1920,"height":1278,"url":"http:\/\/reha-flex.de\/wp-content\/uploads\/sites\/2\/2023\/06\/Patienten-Magazin-HAL_Nr.56-123_web.jpg","type":"image\/jpeg"}],"author":"chwalek","twitter_card":"summary_large_image","twitter_misc":{"Geschrieben von":"chwalek","Gesch\u00e4tzte Lesezeit":"2\u00a0Minuten"},"schema":{"@context":"https:\/\/schema.org","@graph":[{"@type":"Article","@id":"https:\/\/reha-flex.de\/saline-rehabilitationsklinik-halle-saale\/ausgabe-56-unseres-patienten-magazins-ist-erschienen\/#article","isPartOf":{"@id":"https:\/\/reha-flex.de\/saline-rehabilitationsklinik-halle-saale\/ausgabe-56-unseres-patienten-magazins-ist-erschienen\/"},"author":{"name":"chwalek","@id":"https:\/\/reha-flex.de\/saline-rehabilitationsklinik-halle-saale\/#\/schema\/person\/e859ea7c6762b2efe3bd9d30509b4333"},"headline":"Ausgabe 56 unseres Patienten-Magazins ist erschienen","datePublished":"2023-06-06T10:46:45+00:00","mainEntityOfPage":{"@id":"https:\/\/reha-flex.de\/saline-rehabilitationsklinik-halle-saale\/ausgabe-56-unseres-patienten-magazins-ist-erschienen\/"},"wordCount":266,"image":{"@id":"https:\/\/reha-flex.de\/saline-rehabilitationsklinik-halle-saale\/ausgabe-56-unseres-patienten-magazins-ist-erschienen\/#primaryimage"},"thumbnailUrl":"https:\/\/reha-flex.de\/wp-content\/uploads\/sites\/2\/2023\/06\/Patienten-Magazin-HAL_Nr.56-123_web.jpg","articleSection":["Aktuelles"],"inLanguage":"de"},{"@type":"WebPage","@id":"https:\/\/reha-flex.de\/saline-rehabilitationsklinik-halle-saale\/ausgabe-56-unseres-patienten-magazins-ist-erschienen\/","url":"https:\/\/reha-flex.de\/saline-rehabilitationsklinik-halle-saale\/ausgabe-56-unseres-patienten-magazins-ist-erschienen\/","name":"Ausgabe 56 unseres Patienten-Magazins ist erschienen - Saline Rehabilitationsklinik Halle (Saale)","isPartOf":{"@id":"https:\/\/reha-flex.de\/saline-rehabilitationsklinik-halle-saale\/#website"},"primaryImageOfPage":{"@id":"https:\/\/reha-flex.de\/saline-rehabilitationsklinik-halle-saale\/ausgabe-56-unseres-patienten-magazins-ist-erschienen\/#primaryimage"},"image":{"@id":"https:\/\/reha-flex.de\/saline-rehabilitationsklinik-halle-saale\/ausgabe-56-unseres-patienten-magazins-ist-erschienen\/#primaryimage"},"thumbnailUrl":"https:\/\/reha-flex.de\/wp-content\/uploads\/sites\/2\/2023\/06\/Patienten-Magazin-HAL_Nr.56-123_web.jpg","datePublished":"2023-06-06T10:46:45+00:00","author":{"@id":"https:\/\/reha-flex.de\/saline-rehabilitationsklinik-halle-saale\/#\/schema\/person\/e859ea7c6762b2efe3bd9d30509b4333"},"breadcrumb":{"@id":"https:\/\/reha-flex.de\/saline-rehabilitationsklinik-halle-saale\/ausgabe-56-unseres-patienten-magazins-ist-erschienen\/#breadcrumb"},"inLanguage":"de","potentialAction":[{"@type":"ReadAction","target":["https:\/\/reha-flex.de\/saline-rehabilitationsklinik-halle-saale\/ausgabe-56-unseres-patienten-magazins-ist-erschienen\/"]}]},{"@type":"ImageObject","inLanguage":"de","@id":"https:\/\/reha-flex.de\/saline-rehabilitationsklinik-halle-saale\/ausgabe-56-unseres-patienten-magazins-ist-erschienen\/#primaryimage","url":"https:\/\/reha-flex.de\/wp-content\/uploads\/sites\/2\/2023\/06\/Patienten-Magazin-HAL_Nr.56-123_web.jpg","contentUrl":"https:\/\/reha-flex.de\/wp-content\/uploads\/sites\/2\/2023\/06\/Patienten-Magazin-HAL_Nr.56-123_web.jpg","width":1920,"height":1278},{"@type":"BreadcrumbList","@id":"https:\/\/reha-flex.de\/saline-rehabilitationsklinik-halle-saale\/ausgabe-56-unseres-patienten-magazins-ist-erschienen\/#breadcrumb","itemListElement":[{"@type":"ListItem","position":1,"name":"Startseite","item":"https:\/\/reha-flex.de\/saline-rehabilitationsklinik-halle-saale\/"},{"@type":"ListItem","position":2,"name":"Ausgabe 56 unseres Patienten-Magazins ist erschienen"}]},{"@type":"WebSite","@id":"https:\/\/reha-flex.de\/saline-rehabilitationsklinik-halle-saale\/#website","url":"https:\/\/reha-flex.de\/saline-rehabilitationsklinik-halle-saale\/","name":"Saline Rehabilitationsklinik Halle (Saale)","description":"","potentialAction":[{"@type":"SearchAction","target":{"@type":"EntryPoint","urlTemplate":"https:\/\/reha-flex.de\/saline-rehabilitationsklinik-halle-saale\/?s={search_term_string}"},"query-input":{"@type":"PropertyValueSpecification","valueRequired":true,"valueName":"search_term_string"}}],"inLanguage":"de"},{"@type":"Person","@id":"https:\/\/reha-flex.de\/saline-rehabilitationsklinik-halle-saale\/#\/schema\/person\/e859ea7c6762b2efe3bd9d30509b4333","name":"chwalek","url":"https:\/\/reha-flex.de\/saline-rehabilitationsklinik-halle-saale\/author\/chwalek\/"}]}},"_links":{"self":[{"href":"https:\/\/reha-flex.de\/saline-rehabilitationsklinik-halle-saale\/wp-json\/wp\/v2\/posts\/1633","targetHints":{"allow":["GET"]}}],"collection":[{"href":"https:\/\/reha-flex.de\/saline-rehabilitationsklinik-halle-saale\/wp-json\/wp\/v2\/posts"}],"about":[{"href":"https:\/\/reha-flex.de\/saline-rehabilitationsklinik-halle-saale\/wp-json\/wp\/v2\/types\/post"}],"author":[{"embeddable":true,"href":"https:\/\/reha-flex.de\/saline-rehabilitationsklinik-halle-saale\/wp-json\/wp\/v2\/users\/2"}],"replies":[{"embeddable":true,"href":"https:\/\/reha-flex.de\/saline-rehabilitationsklinik-halle-saale\/wp-json\/wp\/v2\/comments?post=1633"}],"version-history":[{"count":1,"href":"https:\/\/reha-flex.de\/saline-rehabilitationsklinik-halle-saale\/wp-json\/wp\/v2\/posts\/1633\/revisions"}],"predecessor-version":[{"id":1635,"href":"https:\/\/reha-flex.de\/saline-rehabilitationsklinik-halle-saale\/wp-json\/wp\/v2\/posts\/1633\/revisions\/1635"}],"wp:featuredmedia":[{"embeddable":true,"href":"https:\/\/reha-flex.de\/saline-rehabilitationsklinik-halle-saale\/wp-json\/wp\/v2\/media\/1634"}],"wp:attachment":[{"href":"https:\/\/reha-flex.de\/saline-rehabilitationsklinik-halle-saale\/wp-json\/wp\/v2\/media?parent=1633"}],"wp:term":[{"taxonomy":"category","embeddable":true,"href":"https:\/\/reha-flex.de\/saline-rehabilitationsklinik-halle-saale\/wp-json\/wp\/v2\/categories?post=1633"},{"taxonomy":"post_tag","embeddable":true,"href":"https:\/\/reha-flex.de\/saline-rehabilitationsklinik-halle-saale\/wp-json\/wp\/v2\/tags?post=1633"}],"curies":[{"name":"wp","href":"https:\/\/api.w.org\/{rel}","templated":true}]}}