{"id":1783,"date":"2024-03-28T17:02:11","date_gmt":"2024-03-28T16:02:11","guid":{"rendered":"https:\/\/reha-flex.de\/saline-rehabilitationsklinik-halle-saale\/?p=1783"},"modified":"2024-03-28T17:02:11","modified_gmt":"2024-03-28T16:02:11","slug":"neue-tuer-am-haupteingang","status":"publish","type":"post","link":"https:\/\/reha-flex.de\/saline-rehabilitationsklinik-halle-saale\/neue-tuer-am-haupteingang\/","title":{"rendered":"Neue T\u00fcr am Haupteingang"},"content":{"rendered":"<p class=\"p1\">Unsere Haupteingangst\u00fcr erstrahlt nach den k\u00fcrzlichen Umbauma\u00dfnahmen nun im neuen Glanz! Mit dem modernen Design und verbesserten Sicherheitsmerkmalen bietet die T\u00fcr nicht nur eine \u00e4sthetische Aufwertung, sondern auch ein h\u00f6heres Ma\u00df an Schutz und Komfort f\u00fcr alle, die unsere Reha-Klinik frequentieren.<\/p>\n","protected":false},"excerpt":{"rendered":"<p>Unsere Haupteingangst\u00fcr erstrahlt nach den k\u00fcrzlichen Umbauma\u00dfnahmen nun im neuen Glanz! Mit dem modernen Design und verbesserten Sicherheitsmerkmalen bietet die T\u00fcr nicht nur eine \u00e4sthetische Aufwertung, sondern auch ein h\u00f6heres Ma\u00df an Schutz und Komfort f\u00fcr alle, die unsere Reha-Klinik frequentieren.<\/p>\n","protected":false},"author":2,"featured_media":1784,"comment_status":"closed","ping_status":"open","sticky":false,"template":"","format":"standard","meta":{"footnotes":""},"categories":[3],"tags":[],"class_list":["post-1783","post","type-post","status-publish","format-standard","has-post-thumbnail","hentry","category-aktuelles"],"yoast_head":"<!-- This site is optimized with the Yoast SEO plugin v26.9 - https:\/\/yoast.com\/product\/yoast-seo-wordpress\/ -->\n<title>Neue T\u00fcr am Haupteingang - Saline Rehabilitationsklinik Halle (Saale)<\/title>\n<meta name=\"robots\" content=\"index, follow, max-snippet:-1, max-image-preview:large, max-video-preview:-1\" \/>\n<link rel=\"canonical\" href=\"https:\/\/reha-flex.de\/saline-rehabilitationsklinik-halle-saale\/neue-tuer-am-haupteingang\/\" \/>\n<meta property=\"og:locale\" content=\"de_DE\" \/>\n<meta property=\"og:type\" content=\"article\" \/>\n<meta property=\"og:title\" content=\"Neue T\u00fcr am Haupteingang - Saline Rehabilitationsklinik Halle (Saale)\" \/>\n<meta property=\"og:description\" content=\"Unsere Haupteingangst\u00fcr erstrahlt nach den k\u00fcrzlichen Umbauma\u00dfnahmen nun im neuen Glanz! Mit dem modernen Design und verbesserten Sicherheitsmerkmalen bietet die T\u00fcr nicht nur eine \u00e4sthetische Aufwertung, sondern auch ein h\u00f6heres Ma\u00df an Schutz und Komfort f\u00fcr alle, die unsere Reha-Klinik frequentieren.\" \/>\n<meta property=\"og:url\" content=\"https:\/\/reha-flex.de\/saline-rehabilitationsklinik-halle-saale\/neue-tuer-am-haupteingang\/\" \/>\n<meta property=\"og:site_name\" content=\"Saline Rehabilitationsklinik Halle (Saale)\" \/>\n<meta property=\"article:published_time\" content=\"2024-03-28T16:02:11+00:00\" \/>\n<meta property=\"og:image\" content=\"http:\/\/reha-flex.de\/wp-content\/uploads\/sites\/2\/2024\/03\/Haupteingangstuer_neu.jpg\" \/>\n\t<meta property=\"og:image:width\" content=\"1920\" \/>\n\t<meta property=\"og:image:height\" content=\"1080\" \/>\n\t<meta property=\"og:image:type\" content=\"image\/jpeg\" \/>\n<meta name=\"author\" content=\"chwalek\" \/>\n<meta name=\"twitter:card\" content=\"summary_large_image\" \/>\n<meta name=\"twitter:label1\" content=\"Geschrieben von\" \/>\n\t<meta name=\"twitter:data1\" content=\"chwalek\" \/>\n\t<meta name=\"twitter:label2\" content=\"Gesch\u00e4tzte Lesezeit\" \/>\n\t<meta name=\"twitter:data2\" content=\"1\u00a0Minute\" \/>\n<script type=\"application\/ld+json\" class=\"yoast-schema-graph\">{\"@context\":\"https:\/\/schema.org\",\"@graph\":[{\"@type\":\"Article\",\"@id\":\"https:\/\/reha-flex.de\/saline-rehabilitationsklinik-halle-saale\/neue-tuer-am-haupteingang\/#article\",\"isPartOf\":{\"@id\":\"https:\/\/reha-flex.de\/saline-rehabilitationsklinik-halle-saale\/neue-tuer-am-haupteingang\/\"},\"author\":{\"name\":\"chwalek\",\"@id\":\"https:\/\/reha-flex.de\/saline-rehabilitationsklinik-halle-saale\/#\/schema\/person\/e859ea7c6762b2efe3bd9d30509b4333\"},\"headline\":\"Neue T\u00fcr am Haupteingang\",\"datePublished\":\"2024-03-28T16:02:11+00:00\",\"mainEntityOfPage\":{\"@id\":\"https:\/\/reha-flex.de\/saline-rehabilitationsklinik-halle-saale\/neue-tuer-am-haupteingang\/\"},\"wordCount\":52,\"image\":{\"@id\":\"https:\/\/reha-flex.de\/saline-rehabilitationsklinik-halle-saale\/neue-tuer-am-haupteingang\/#primaryimage\"},\"thumbnailUrl\":\"https:\/\/reha-flex.de\/wp-content\/uploads\/sites\/2\/2024\/03\/Haupteingangstuer_neu.jpg\",\"articleSection\":[\"Aktuelles\"],\"inLanguage\":\"de\"},{\"@type\":\"WebPage\",\"@id\":\"https:\/\/reha-flex.de\/saline-rehabilitationsklinik-halle-saale\/neue-tuer-am-haupteingang\/\",\"url\":\"https:\/\/reha-flex.de\/saline-rehabilitationsklinik-halle-saale\/neue-tuer-am-haupteingang\/\",\"name\":\"Neue T\u00fcr am Haupteingang - Saline Rehabilitationsklinik Halle (Saale)\",\"isPartOf\":{\"@id\":\"https:\/\/reha-flex.de\/saline-rehabilitationsklinik-halle-saale\/#website\"},\"primaryImageOfPage\":{\"@id\":\"https:\/\/reha-flex.de\/saline-rehabilitationsklinik-halle-saale\/neue-tuer-am-haupteingang\/#primaryimage\"},\"image\":{\"@id\":\"https:\/\/reha-flex.de\/saline-rehabilitationsklinik-halle-saale\/neue-tuer-am-haupteingang\/#primaryimage\"},\"thumbnailUrl\":\"https:\/\/reha-flex.de\/wp-content\/uploads\/sites\/2\/2024\/03\/Haupteingangstuer_neu.jpg\",\"datePublished\":\"2024-03-28T16:02:11+00:00\",\"author\":{\"@id\":\"https:\/\/reha-flex.de\/saline-rehabilitationsklinik-halle-saale\/#\/schema\/person\/e859ea7c6762b2efe3bd9d30509b4333\"},\"breadcrumb\":{\"@id\":\"https:\/\/reha-flex.de\/saline-rehabilitationsklinik-halle-saale\/neue-tuer-am-haupteingang\/#breadcrumb\"},\"inLanguage\":\"de\",\"potentialAction\":[{\"@type\":\"ReadAction\",\"target\":[\"https:\/\/reha-flex.de\/saline-rehabilitationsklinik-halle-saale\/neue-tuer-am-haupteingang\/\"]}]},{\"@type\":\"ImageObject\",\"inLanguage\":\"de\",\"@id\":\"https:\/\/reha-flex.de\/saline-rehabilitationsklinik-halle-saale\/neue-tuer-am-haupteingang\/#primaryimage\",\"url\":\"https:\/\/reha-flex.de\/wp-content\/uploads\/sites\/2\/2024\/03\/Haupteingangstuer_neu.jpg\",\"contentUrl\":\"https:\/\/reha-flex.de\/wp-content\/uploads\/sites\/2\/2024\/03\/Haupteingangstuer_neu.jpg\",\"width\":1920,\"height\":1080},{\"@type\":\"BreadcrumbList\",\"@id\":\"https:\/\/reha-flex.de\/saline-rehabilitationsklinik-halle-saale\/neue-tuer-am-haupteingang\/#breadcrumb\",\"itemListElement\":[{\"@type\":\"ListItem\",\"position\":1,\"name\":\"Startseite\",\"item\":\"https:\/\/reha-flex.de\/saline-rehabilitationsklinik-halle-saale\/\"},{\"@type\":\"ListItem\",\"position\":2,\"name\":\"Neue T\u00fcr am Haupteingang\"}]},{\"@type\":\"WebSite\",\"@id\":\"https:\/\/reha-flex.de\/saline-rehabilitationsklinik-halle-saale\/#website\",\"url\":\"https:\/\/reha-flex.de\/saline-rehabilitationsklinik-halle-saale\/\",\"name\":\"Saline Rehabilitationsklinik Halle (Saale)\",\"description\":\"\",\"potentialAction\":[{\"@type\":\"SearchAction\",\"target\":{\"@type\":\"EntryPoint\",\"urlTemplate\":\"https:\/\/reha-flex.de\/saline-rehabilitationsklinik-halle-saale\/?s={search_term_string}\"},\"query-input\":{\"@type\":\"PropertyValueSpecification\",\"valueRequired\":true,\"valueName\":\"search_term_string\"}}],\"inLanguage\":\"de\"},{\"@type\":\"Person\",\"@id\":\"https:\/\/reha-flex.de\/saline-rehabilitationsklinik-halle-saale\/#\/schema\/person\/e859ea7c6762b2efe3bd9d30509b4333\",\"name\":\"chwalek\",\"url\":\"https:\/\/reha-flex.de\/saline-rehabilitationsklinik-halle-saale\/author\/chwalek\/\"}]}<\/script>\n<!-- \/ Yoast SEO plugin. -->","yoast_head_json":{"title":"Neue T\u00fcr am Haupteingang - Saline Rehabilitationsklinik Halle (Saale)","robots":{"index":"index","follow":"follow","max-snippet":"max-snippet:-1","max-image-preview":"max-image-preview:large","max-video-preview":"max-video-preview:-1"},"canonical":"https:\/\/reha-flex.de\/saline-rehabilitationsklinik-halle-saale\/neue-tuer-am-haupteingang\/","og_locale":"de_DE","og_type":"article","og_title":"Neue T\u00fcr am Haupteingang - Saline Rehabilitationsklinik Halle (Saale)","og_description":"Unsere Haupteingangst\u00fcr erstrahlt nach den k\u00fcrzlichen Umbauma\u00dfnahmen nun im neuen Glanz! Mit dem modernen Design und verbesserten Sicherheitsmerkmalen bietet die T\u00fcr nicht nur eine \u00e4sthetische Aufwertung, sondern auch ein h\u00f6heres Ma\u00df an Schutz und Komfort f\u00fcr alle, die unsere Reha-Klinik frequentieren.","og_url":"https:\/\/reha-flex.de\/saline-rehabilitationsklinik-halle-saale\/neue-tuer-am-haupteingang\/","og_site_name":"Saline Rehabilitationsklinik Halle (Saale)","article_published_time":"2024-03-28T16:02:11+00:00","og_image":[{"width":1920,"height":1080,"url":"http:\/\/reha-flex.de\/wp-content\/uploads\/sites\/2\/2024\/03\/Haupteingangstuer_neu.jpg","type":"image\/jpeg"}],"author":"chwalek","twitter_card":"summary_large_image","twitter_misc":{"Geschrieben von":"chwalek","Gesch\u00e4tzte Lesezeit":"1\u00a0Minute"},"schema":{"@context":"https:\/\/schema.org","@graph":[{"@type":"Article","@id":"https:\/\/reha-flex.de\/saline-rehabilitationsklinik-halle-saale\/neue-tuer-am-haupteingang\/#article","isPartOf":{"@id":"https:\/\/reha-flex.de\/saline-rehabilitationsklinik-halle-saale\/neue-tuer-am-haupteingang\/"},"author":{"name":"chwalek","@id":"https:\/\/reha-flex.de\/saline-rehabilitationsklinik-halle-saale\/#\/schema\/person\/e859ea7c6762b2efe3bd9d30509b4333"},"headline":"Neue T\u00fcr am Haupteingang","datePublished":"2024-03-28T16:02:11+00:00","mainEntityOfPage":{"@id":"https:\/\/reha-flex.de\/saline-rehabilitationsklinik-halle-saale\/neue-tuer-am-haupteingang\/"},"wordCount":52,"image":{"@id":"https:\/\/reha-flex.de\/saline-rehabilitationsklinik-halle-saale\/neue-tuer-am-haupteingang\/#primaryimage"},"thumbnailUrl":"https:\/\/reha-flex.de\/wp-content\/uploads\/sites\/2\/2024\/03\/Haupteingangstuer_neu.jpg","articleSection":["Aktuelles"],"inLanguage":"de"},{"@type":"WebPage","@id":"https:\/\/reha-flex.de\/saline-rehabilitationsklinik-halle-saale\/neue-tuer-am-haupteingang\/","url":"https:\/\/reha-flex.de\/saline-rehabilitationsklinik-halle-saale\/neue-tuer-am-haupteingang\/","name":"Neue T\u00fcr am Haupteingang - Saline Rehabilitationsklinik Halle (Saale)","isPartOf":{"@id":"https:\/\/reha-flex.de\/saline-rehabilitationsklinik-halle-saale\/#website"},"primaryImageOfPage":{"@id":"https:\/\/reha-flex.de\/saline-rehabilitationsklinik-halle-saale\/neue-tuer-am-haupteingang\/#primaryimage"},"image":{"@id":"https:\/\/reha-flex.de\/saline-rehabilitationsklinik-halle-saale\/neue-tuer-am-haupteingang\/#primaryimage"},"thumbnailUrl":"https:\/\/reha-flex.de\/wp-content\/uploads\/sites\/2\/2024\/03\/Haupteingangstuer_neu.jpg","datePublished":"2024-03-28T16:02:11+00:00","author":{"@id":"https:\/\/reha-flex.de\/saline-rehabilitationsklinik-halle-saale\/#\/schema\/person\/e859ea7c6762b2efe3bd9d30509b4333"},"breadcrumb":{"@id":"https:\/\/reha-flex.de\/saline-rehabilitationsklinik-halle-saale\/neue-tuer-am-haupteingang\/#breadcrumb"},"inLanguage":"de","potentialAction":[{"@type":"ReadAction","target":["https:\/\/reha-flex.de\/saline-rehabilitationsklinik-halle-saale\/neue-tuer-am-haupteingang\/"]}]},{"@type":"ImageObject","inLanguage":"de","@id":"https:\/\/reha-flex.de\/saline-rehabilitationsklinik-halle-saale\/neue-tuer-am-haupteingang\/#primaryimage","url":"https:\/\/reha-flex.de\/wp-content\/uploads\/sites\/2\/2024\/03\/Haupteingangstuer_neu.jpg","contentUrl":"https:\/\/reha-flex.de\/wp-content\/uploads\/sites\/2\/2024\/03\/Haupteingangstuer_neu.jpg","width":1920,"height":1080},{"@type":"BreadcrumbList","@id":"https:\/\/reha-flex.de\/saline-rehabilitationsklinik-halle-saale\/neue-tuer-am-haupteingang\/#breadcrumb","itemListElement":[{"@type":"ListItem","position":1,"name":"Startseite","item":"https:\/\/reha-flex.de\/saline-rehabilitationsklinik-halle-saale\/"},{"@type":"ListItem","position":2,"name":"Neue T\u00fcr am Haupteingang"}]},{"@type":"WebSite","@id":"https:\/\/reha-flex.de\/saline-rehabilitationsklinik-halle-saale\/#website","url":"https:\/\/reha-flex.de\/saline-rehabilitationsklinik-halle-saale\/","name":"Saline Rehabilitationsklinik Halle (Saale)","description":"","potentialAction":[{"@type":"SearchAction","target":{"@type":"EntryPoint","urlTemplate":"https:\/\/reha-flex.de\/saline-rehabilitationsklinik-halle-saale\/?s={search_term_string}"},"query-input":{"@type":"PropertyValueSpecification","valueRequired":true,"valueName":"search_term_string"}}],"inLanguage":"de"},{"@type":"Person","@id":"https:\/\/reha-flex.de\/saline-rehabilitationsklinik-halle-saale\/#\/schema\/person\/e859ea7c6762b2efe3bd9d30509b4333","name":"chwalek","url":"https:\/\/reha-flex.de\/saline-rehabilitationsklinik-halle-saale\/author\/chwalek\/"}]}},"_links":{"self":[{"href":"https:\/\/reha-flex.de\/saline-rehabilitationsklinik-halle-saale\/wp-json\/wp\/v2\/posts\/1783","targetHints":{"allow":["GET"]}}],"collection":[{"href":"https:\/\/reha-flex.de\/saline-rehabilitationsklinik-halle-saale\/wp-json\/wp\/v2\/posts"}],"about":[{"href":"https:\/\/reha-flex.de\/saline-rehabilitationsklinik-halle-saale\/wp-json\/wp\/v2\/types\/post"}],"author":[{"embeddable":true,"href":"https:\/\/reha-flex.de\/saline-rehabilitationsklinik-halle-saale\/wp-json\/wp\/v2\/users\/2"}],"replies":[{"embeddable":true,"href":"https:\/\/reha-flex.de\/saline-rehabilitationsklinik-halle-saale\/wp-json\/wp\/v2\/comments?post=1783"}],"version-history":[{"count":1,"href":"https:\/\/reha-flex.de\/saline-rehabilitationsklinik-halle-saale\/wp-json\/wp\/v2\/posts\/1783\/revisions"}],"predecessor-version":[{"id":1785,"href":"https:\/\/reha-flex.de\/saline-rehabilitationsklinik-halle-saale\/wp-json\/wp\/v2\/posts\/1783\/revisions\/1785"}],"wp:featuredmedia":[{"embeddable":true,"href":"https:\/\/reha-flex.de\/saline-rehabilitationsklinik-halle-saale\/wp-json\/wp\/v2\/media\/1784"}],"wp:attachment":[{"href":"https:\/\/reha-flex.de\/saline-rehabilitationsklinik-halle-saale\/wp-json\/wp\/v2\/media?parent=1783"}],"wp:term":[{"taxonomy":"category","embeddable":true,"href":"https:\/\/reha-flex.de\/saline-rehabilitationsklinik-halle-saale\/wp-json\/wp\/v2\/categories?post=1783"},{"taxonomy":"post_tag","embeddable":true,"href":"https:\/\/reha-flex.de\/saline-rehabilitationsklinik-halle-saale\/wp-json\/wp\/v2\/tags?post=1783"}],"curies":[{"name":"wp","href":"https:\/\/api.w.org\/{rel}","templated":true}]}}