{"id":1788,"date":"2024-05-17T14:56:58","date_gmt":"2024-05-17T12:56:58","guid":{"rendered":"https:\/\/reha-flex.de\/saline-rehabilitationsklinik-halle-saale\/?p=1788"},"modified":"2024-05-17T14:56:58","modified_gmt":"2024-05-17T12:56:58","slug":"tschuess-3-liga-tschuess-profi-fussball-in-halle","status":"publish","type":"post","link":"https:\/\/reha-flex.de\/saline-rehabilitationsklinik-halle-saale\/tschuess-3-liga-tschuess-profi-fussball-in-halle\/","title":{"rendered":"Tsch\u00fcss 3. Liga, Tsch\u00fcss Profi-Fu\u00dfball in Halle"},"content":{"rendered":"<p class=\"p1\">reha FLEX ist dankbar und stolz, den <strong><a href=\"https:\/\/www.hallescherfc.de\/\">HFC<\/a><\/strong> seit 2002, damals in der NOFV-Amateuroberliga, also seit nunmehr 22 Jahren als Sponsor, Freund und Unterst\u00fctzer begleitet haben zu d\u00fcrfen.<\/p>\n<p class=\"p1\">Im Jahr 2024, nach 12 Jahren Profifu\u00dfball in der 3. Liga, geht es zur\u00fcck in den Amateurbereich.<\/p>\n<p class=\"p1\">Vor 5 Jahren wurde eine komplett neue Vereinsf\u00fchrung inthronisiert. Leider war unserem damaligen Stadtoberhaupt und einigen f\u00fchrenden Pers\u00f6nlichkeiten der Stadt Halle (Saale) die Zugeh\u00f6rigkeit zur 3. Liga nicht mehr gut genug. Jetzt begibt sich der HFC dorthin, wo die restlichen \u201eOstvereine&#8220; auch sind.<\/p>\n<p class=\"p1\">Dieser Abstieg kommt f\u00fcr viele nicht \u00fcberraschend &#8211; diese \u201eEntwicklung&#8220; hatte sich seit Jahren abgezeichnet. Es gab auf wenigen Ebenen Konstanz und Wertsch\u00e4tzung, Statements zur Regionalit\u00e4t und Nachwuchsarbeit sind zu hohlen<br \/>\nPhrasen verkommen.<br \/>\nWas ist eigentlich aus den engagierten Trainern\/\u00dcbungsleitern und den erfolgreichen Nachwuchsspielern des \u201egoldenen Jahrganges 2002&#8243;, welche zweimal den Bundesligaaufstieg f\u00fcr den HFC geholt haben, geworden?<\/p>\n<p class=\"p1\">F\u00fcr einen Neuanfang in der Regionalliga Nordost w\u00fcnscht das Team von reha FLEX maximale rot-wei\u00dfe Erfolge.<\/p>\n","protected":false},"excerpt":{"rendered":"<p>reha FLEX ist dankbar und stolz, den HFC seit 2002, damals in der NOFV-Amateuroberliga, also seit nunmehr 22 Jahren als Sponsor, Freund und Unterst\u00fctzer begleitet haben zu d\u00fcrfen. Im Jahr 2024, nach 12 Jahren Profifu\u00dfball in der 3. Liga, geht es zur\u00fcck in den Amateurbereich. Vor 5 Jahren wurde eine komplett neue Vereinsf\u00fchrung inthronisiert. Leider&#8230;<\/p>\n","protected":false},"author":2,"featured_media":1790,"comment_status":"closed","ping_status":"open","sticky":false,"template":"","format":"standard","meta":{"footnotes":""},"categories":[3],"tags":[],"class_list":["post-1788","post","type-post","status-publish","format-standard","has-post-thumbnail","hentry","category-aktuelles"],"yoast_head":"<!-- This site is optimized with the Yoast SEO plugin v26.9 - https:\/\/yoast.com\/product\/yoast-seo-wordpress\/ -->\n<title>Tsch\u00fcss 3. Liga, Tsch\u00fcss Profi-Fu\u00dfball in Halle - Saline Rehabilitationsklinik Halle (Saale)<\/title>\n<meta name=\"robots\" content=\"index, follow, max-snippet:-1, max-image-preview:large, max-video-preview:-1\" \/>\n<link rel=\"canonical\" href=\"https:\/\/reha-flex.de\/saline-rehabilitationsklinik-halle-saale\/tschuess-3-liga-tschuess-profi-fussball-in-halle\/\" \/>\n<meta property=\"og:locale\" content=\"de_DE\" \/>\n<meta property=\"og:type\" content=\"article\" \/>\n<meta property=\"og:title\" content=\"Tsch\u00fcss 3. Liga, Tsch\u00fcss Profi-Fu\u00dfball in Halle - Saline Rehabilitationsklinik Halle (Saale)\" \/>\n<meta property=\"og:description\" content=\"reha FLEX ist dankbar und stolz, den HFC seit 2002, damals in der NOFV-Amateuroberliga, also seit nunmehr 22 Jahren als Sponsor, Freund und Unterst\u00fctzer begleitet haben zu d\u00fcrfen. Im Jahr 2024, nach 12 Jahren Profifu\u00dfball in der 3. Liga, geht es zur\u00fcck in den Amateurbereich. Vor 5 Jahren wurde eine komplett neue Vereinsf\u00fchrung inthronisiert. Leider...\" \/>\n<meta property=\"og:url\" content=\"https:\/\/reha-flex.de\/saline-rehabilitationsklinik-halle-saale\/tschuess-3-liga-tschuess-profi-fussball-in-halle\/\" \/>\n<meta property=\"og:site_name\" content=\"Saline Rehabilitationsklinik Halle (Saale)\" \/>\n<meta property=\"article:published_time\" content=\"2024-05-17T12:56:58+00:00\" \/>\n<meta property=\"og:image\" content=\"http:\/\/reha-flex.de\/wp-content\/uploads\/sites\/2\/2024\/05\/74920f50-74af-4940-b1b0-43a0e76cd2d2.jpg\" \/>\n\t<meta property=\"og:image:width\" content=\"1280\" \/>\n\t<meta property=\"og:image:height\" content=\"720\" \/>\n\t<meta property=\"og:image:type\" content=\"image\/jpeg\" \/>\n<meta name=\"author\" content=\"chwalek\" \/>\n<meta name=\"twitter:card\" content=\"summary_large_image\" \/>\n<meta name=\"twitter:label1\" content=\"Geschrieben von\" \/>\n\t<meta name=\"twitter:data1\" content=\"chwalek\" \/>\n\t<meta name=\"twitter:label2\" content=\"Gesch\u00e4tzte Lesezeit\" \/>\n\t<meta name=\"twitter:data2\" content=\"2\u00a0Minuten\" \/>\n<script type=\"application\/ld+json\" class=\"yoast-schema-graph\">{\"@context\":\"https:\/\/schema.org\",\"@graph\":[{\"@type\":\"Article\",\"@id\":\"https:\/\/reha-flex.de\/saline-rehabilitationsklinik-halle-saale\/tschuess-3-liga-tschuess-profi-fussball-in-halle\/#article\",\"isPartOf\":{\"@id\":\"https:\/\/reha-flex.de\/saline-rehabilitationsklinik-halle-saale\/tschuess-3-liga-tschuess-profi-fussball-in-halle\/\"},\"author\":{\"name\":\"chwalek\",\"@id\":\"https:\/\/reha-flex.de\/saline-rehabilitationsklinik-halle-saale\/#\/schema\/person\/e859ea7c6762b2efe3bd9d30509b4333\"},\"headline\":\"Tsch\u00fcss 3. Liga, Tsch\u00fcss Profi-Fu\u00dfball in Halle\",\"datePublished\":\"2024-05-17T12:56:58+00:00\",\"mainEntityOfPage\":{\"@id\":\"https:\/\/reha-flex.de\/saline-rehabilitationsklinik-halle-saale\/tschuess-3-liga-tschuess-profi-fussball-in-halle\/\"},\"wordCount\":179,\"image\":{\"@id\":\"https:\/\/reha-flex.de\/saline-rehabilitationsklinik-halle-saale\/tschuess-3-liga-tschuess-profi-fussball-in-halle\/#primaryimage\"},\"thumbnailUrl\":\"https:\/\/reha-flex.de\/wp-content\/uploads\/sites\/2\/2024\/05\/74920f50-74af-4940-b1b0-43a0e76cd2d2.jpg\",\"articleSection\":[\"Aktuelles\"],\"inLanguage\":\"de\"},{\"@type\":\"WebPage\",\"@id\":\"https:\/\/reha-flex.de\/saline-rehabilitationsklinik-halle-saale\/tschuess-3-liga-tschuess-profi-fussball-in-halle\/\",\"url\":\"https:\/\/reha-flex.de\/saline-rehabilitationsklinik-halle-saale\/tschuess-3-liga-tschuess-profi-fussball-in-halle\/\",\"name\":\"Tsch\u00fcss 3. Liga, Tsch\u00fcss Profi-Fu\u00dfball in Halle - Saline Rehabilitationsklinik Halle (Saale)\",\"isPartOf\":{\"@id\":\"https:\/\/reha-flex.de\/saline-rehabilitationsklinik-halle-saale\/#website\"},\"primaryImageOfPage\":{\"@id\":\"https:\/\/reha-flex.de\/saline-rehabilitationsklinik-halle-saale\/tschuess-3-liga-tschuess-profi-fussball-in-halle\/#primaryimage\"},\"image\":{\"@id\":\"https:\/\/reha-flex.de\/saline-rehabilitationsklinik-halle-saale\/tschuess-3-liga-tschuess-profi-fussball-in-halle\/#primaryimage\"},\"thumbnailUrl\":\"https:\/\/reha-flex.de\/wp-content\/uploads\/sites\/2\/2024\/05\/74920f50-74af-4940-b1b0-43a0e76cd2d2.jpg\",\"datePublished\":\"2024-05-17T12:56:58+00:00\",\"author\":{\"@id\":\"https:\/\/reha-flex.de\/saline-rehabilitationsklinik-halle-saale\/#\/schema\/person\/e859ea7c6762b2efe3bd9d30509b4333\"},\"breadcrumb\":{\"@id\":\"https:\/\/reha-flex.de\/saline-rehabilitationsklinik-halle-saale\/tschuess-3-liga-tschuess-profi-fussball-in-halle\/#breadcrumb\"},\"inLanguage\":\"de\",\"potentialAction\":[{\"@type\":\"ReadAction\",\"target\":[\"https:\/\/reha-flex.de\/saline-rehabilitationsklinik-halle-saale\/tschuess-3-liga-tschuess-profi-fussball-in-halle\/\"]}]},{\"@type\":\"ImageObject\",\"inLanguage\":\"de\",\"@id\":\"https:\/\/reha-flex.de\/saline-rehabilitationsklinik-halle-saale\/tschuess-3-liga-tschuess-profi-fussball-in-halle\/#primaryimage\",\"url\":\"https:\/\/reha-flex.de\/wp-content\/uploads\/sites\/2\/2024\/05\/74920f50-74af-4940-b1b0-43a0e76cd2d2.jpg\",\"contentUrl\":\"https:\/\/reha-flex.de\/wp-content\/uploads\/sites\/2\/2024\/05\/74920f50-74af-4940-b1b0-43a0e76cd2d2.jpg\",\"width\":1280,\"height\":720},{\"@type\":\"BreadcrumbList\",\"@id\":\"https:\/\/reha-flex.de\/saline-rehabilitationsklinik-halle-saale\/tschuess-3-liga-tschuess-profi-fussball-in-halle\/#breadcrumb\",\"itemListElement\":[{\"@type\":\"ListItem\",\"position\":1,\"name\":\"Startseite\",\"item\":\"https:\/\/reha-flex.de\/saline-rehabilitationsklinik-halle-saale\/\"},{\"@type\":\"ListItem\",\"position\":2,\"name\":\"Tsch\u00fcss 3. Liga, Tsch\u00fcss Profi-Fu\u00dfball in Halle\"}]},{\"@type\":\"WebSite\",\"@id\":\"https:\/\/reha-flex.de\/saline-rehabilitationsklinik-halle-saale\/#website\",\"url\":\"https:\/\/reha-flex.de\/saline-rehabilitationsklinik-halle-saale\/\",\"name\":\"Saline Rehabilitationsklinik Halle (Saale)\",\"description\":\"\",\"potentialAction\":[{\"@type\":\"SearchAction\",\"target\":{\"@type\":\"EntryPoint\",\"urlTemplate\":\"https:\/\/reha-flex.de\/saline-rehabilitationsklinik-halle-saale\/?s={search_term_string}\"},\"query-input\":{\"@type\":\"PropertyValueSpecification\",\"valueRequired\":true,\"valueName\":\"search_term_string\"}}],\"inLanguage\":\"de\"},{\"@type\":\"Person\",\"@id\":\"https:\/\/reha-flex.de\/saline-rehabilitationsklinik-halle-saale\/#\/schema\/person\/e859ea7c6762b2efe3bd9d30509b4333\",\"name\":\"chwalek\",\"url\":\"https:\/\/reha-flex.de\/saline-rehabilitationsklinik-halle-saale\/author\/chwalek\/\"}]}<\/script>\n<!-- \/ Yoast SEO plugin. -->","yoast_head_json":{"title":"Tsch\u00fcss 3. Liga, Tsch\u00fcss Profi-Fu\u00dfball in Halle - Saline Rehabilitationsklinik Halle (Saale)","robots":{"index":"index","follow":"follow","max-snippet":"max-snippet:-1","max-image-preview":"max-image-preview:large","max-video-preview":"max-video-preview:-1"},"canonical":"https:\/\/reha-flex.de\/saline-rehabilitationsklinik-halle-saale\/tschuess-3-liga-tschuess-profi-fussball-in-halle\/","og_locale":"de_DE","og_type":"article","og_title":"Tsch\u00fcss 3. Liga, Tsch\u00fcss Profi-Fu\u00dfball in Halle - Saline Rehabilitationsklinik Halle (Saale)","og_description":"reha FLEX ist dankbar und stolz, den HFC seit 2002, damals in der NOFV-Amateuroberliga, also seit nunmehr 22 Jahren als Sponsor, Freund und Unterst\u00fctzer begleitet haben zu d\u00fcrfen. Im Jahr 2024, nach 12 Jahren Profifu\u00dfball in der 3. Liga, geht es zur\u00fcck in den Amateurbereich. Vor 5 Jahren wurde eine komplett neue Vereinsf\u00fchrung inthronisiert. Leider...","og_url":"https:\/\/reha-flex.de\/saline-rehabilitationsklinik-halle-saale\/tschuess-3-liga-tschuess-profi-fussball-in-halle\/","og_site_name":"Saline Rehabilitationsklinik Halle (Saale)","article_published_time":"2024-05-17T12:56:58+00:00","og_image":[{"width":1280,"height":720,"url":"http:\/\/reha-flex.de\/wp-content\/uploads\/sites\/2\/2024\/05\/74920f50-74af-4940-b1b0-43a0e76cd2d2.jpg","type":"image\/jpeg"}],"author":"chwalek","twitter_card":"summary_large_image","twitter_misc":{"Geschrieben von":"chwalek","Gesch\u00e4tzte Lesezeit":"2\u00a0Minuten"},"schema":{"@context":"https:\/\/schema.org","@graph":[{"@type":"Article","@id":"https:\/\/reha-flex.de\/saline-rehabilitationsklinik-halle-saale\/tschuess-3-liga-tschuess-profi-fussball-in-halle\/#article","isPartOf":{"@id":"https:\/\/reha-flex.de\/saline-rehabilitationsklinik-halle-saale\/tschuess-3-liga-tschuess-profi-fussball-in-halle\/"},"author":{"name":"chwalek","@id":"https:\/\/reha-flex.de\/saline-rehabilitationsklinik-halle-saale\/#\/schema\/person\/e859ea7c6762b2efe3bd9d30509b4333"},"headline":"Tsch\u00fcss 3. Liga, Tsch\u00fcss Profi-Fu\u00dfball in Halle","datePublished":"2024-05-17T12:56:58+00:00","mainEntityOfPage":{"@id":"https:\/\/reha-flex.de\/saline-rehabilitationsklinik-halle-saale\/tschuess-3-liga-tschuess-profi-fussball-in-halle\/"},"wordCount":179,"image":{"@id":"https:\/\/reha-flex.de\/saline-rehabilitationsklinik-halle-saale\/tschuess-3-liga-tschuess-profi-fussball-in-halle\/#primaryimage"},"thumbnailUrl":"https:\/\/reha-flex.de\/wp-content\/uploads\/sites\/2\/2024\/05\/74920f50-74af-4940-b1b0-43a0e76cd2d2.jpg","articleSection":["Aktuelles"],"inLanguage":"de"},{"@type":"WebPage","@id":"https:\/\/reha-flex.de\/saline-rehabilitationsklinik-halle-saale\/tschuess-3-liga-tschuess-profi-fussball-in-halle\/","url":"https:\/\/reha-flex.de\/saline-rehabilitationsklinik-halle-saale\/tschuess-3-liga-tschuess-profi-fussball-in-halle\/","name":"Tsch\u00fcss 3. Liga, Tsch\u00fcss Profi-Fu\u00dfball in Halle - Saline Rehabilitationsklinik Halle (Saale)","isPartOf":{"@id":"https:\/\/reha-flex.de\/saline-rehabilitationsklinik-halle-saale\/#website"},"primaryImageOfPage":{"@id":"https:\/\/reha-flex.de\/saline-rehabilitationsklinik-halle-saale\/tschuess-3-liga-tschuess-profi-fussball-in-halle\/#primaryimage"},"image":{"@id":"https:\/\/reha-flex.de\/saline-rehabilitationsklinik-halle-saale\/tschuess-3-liga-tschuess-profi-fussball-in-halle\/#primaryimage"},"thumbnailUrl":"https:\/\/reha-flex.de\/wp-content\/uploads\/sites\/2\/2024\/05\/74920f50-74af-4940-b1b0-43a0e76cd2d2.jpg","datePublished":"2024-05-17T12:56:58+00:00","author":{"@id":"https:\/\/reha-flex.de\/saline-rehabilitationsklinik-halle-saale\/#\/schema\/person\/e859ea7c6762b2efe3bd9d30509b4333"},"breadcrumb":{"@id":"https:\/\/reha-flex.de\/saline-rehabilitationsklinik-halle-saale\/tschuess-3-liga-tschuess-profi-fussball-in-halle\/#breadcrumb"},"inLanguage":"de","potentialAction":[{"@type":"ReadAction","target":["https:\/\/reha-flex.de\/saline-rehabilitationsklinik-halle-saale\/tschuess-3-liga-tschuess-profi-fussball-in-halle\/"]}]},{"@type":"ImageObject","inLanguage":"de","@id":"https:\/\/reha-flex.de\/saline-rehabilitationsklinik-halle-saale\/tschuess-3-liga-tschuess-profi-fussball-in-halle\/#primaryimage","url":"https:\/\/reha-flex.de\/wp-content\/uploads\/sites\/2\/2024\/05\/74920f50-74af-4940-b1b0-43a0e76cd2d2.jpg","contentUrl":"https:\/\/reha-flex.de\/wp-content\/uploads\/sites\/2\/2024\/05\/74920f50-74af-4940-b1b0-43a0e76cd2d2.jpg","width":1280,"height":720},{"@type":"BreadcrumbList","@id":"https:\/\/reha-flex.de\/saline-rehabilitationsklinik-halle-saale\/tschuess-3-liga-tschuess-profi-fussball-in-halle\/#breadcrumb","itemListElement":[{"@type":"ListItem","position":1,"name":"Startseite","item":"https:\/\/reha-flex.de\/saline-rehabilitationsklinik-halle-saale\/"},{"@type":"ListItem","position":2,"name":"Tsch\u00fcss 3. Liga, Tsch\u00fcss Profi-Fu\u00dfball in Halle"}]},{"@type":"WebSite","@id":"https:\/\/reha-flex.de\/saline-rehabilitationsklinik-halle-saale\/#website","url":"https:\/\/reha-flex.de\/saline-rehabilitationsklinik-halle-saale\/","name":"Saline Rehabilitationsklinik Halle (Saale)","description":"","potentialAction":[{"@type":"SearchAction","target":{"@type":"EntryPoint","urlTemplate":"https:\/\/reha-flex.de\/saline-rehabilitationsklinik-halle-saale\/?s={search_term_string}"},"query-input":{"@type":"PropertyValueSpecification","valueRequired":true,"valueName":"search_term_string"}}],"inLanguage":"de"},{"@type":"Person","@id":"https:\/\/reha-flex.de\/saline-rehabilitationsklinik-halle-saale\/#\/schema\/person\/e859ea7c6762b2efe3bd9d30509b4333","name":"chwalek","url":"https:\/\/reha-flex.de\/saline-rehabilitationsklinik-halle-saale\/author\/chwalek\/"}]}},"_links":{"self":[{"href":"https:\/\/reha-flex.de\/saline-rehabilitationsklinik-halle-saale\/wp-json\/wp\/v2\/posts\/1788","targetHints":{"allow":["GET"]}}],"collection":[{"href":"https:\/\/reha-flex.de\/saline-rehabilitationsklinik-halle-saale\/wp-json\/wp\/v2\/posts"}],"about":[{"href":"https:\/\/reha-flex.de\/saline-rehabilitationsklinik-halle-saale\/wp-json\/wp\/v2\/types\/post"}],"author":[{"embeddable":true,"href":"https:\/\/reha-flex.de\/saline-rehabilitationsklinik-halle-saale\/wp-json\/wp\/v2\/users\/2"}],"replies":[{"embeddable":true,"href":"https:\/\/reha-flex.de\/saline-rehabilitationsklinik-halle-saale\/wp-json\/wp\/v2\/comments?post=1788"}],"version-history":[{"count":5,"href":"https:\/\/reha-flex.de\/saline-rehabilitationsklinik-halle-saale\/wp-json\/wp\/v2\/posts\/1788\/revisions"}],"predecessor-version":[{"id":1794,"href":"https:\/\/reha-flex.de\/saline-rehabilitationsklinik-halle-saale\/wp-json\/wp\/v2\/posts\/1788\/revisions\/1794"}],"wp:featuredmedia":[{"embeddable":true,"href":"https:\/\/reha-flex.de\/saline-rehabilitationsklinik-halle-saale\/wp-json\/wp\/v2\/media\/1790"}],"wp:attachment":[{"href":"https:\/\/reha-flex.de\/saline-rehabilitationsklinik-halle-saale\/wp-json\/wp\/v2\/media?parent=1788"}],"wp:term":[{"taxonomy":"category","embeddable":true,"href":"https:\/\/reha-flex.de\/saline-rehabilitationsklinik-halle-saale\/wp-json\/wp\/v2\/categories?post=1788"},{"taxonomy":"post_tag","embeddable":true,"href":"https:\/\/reha-flex.de\/saline-rehabilitationsklinik-halle-saale\/wp-json\/wp\/v2\/tags?post=1788"}],"curies":[{"name":"wp","href":"https:\/\/api.w.org\/{rel}","templated":true}]}}