{"id":1807,"date":"2024-06-21T16:19:16","date_gmt":"2024-06-21T14:19:16","guid":{"rendered":"https:\/\/reha-flex.de\/saline-rehabilitationsklinik-halle-saale\/?p=1807"},"modified":"2024-06-21T16:19:16","modified_gmt":"2024-06-21T14:19:16","slug":"arztbereich-im-eg-fuer-fuenf-wochen-gesperrt","status":"publish","type":"post","link":"https:\/\/reha-flex.de\/saline-rehabilitationsklinik-halle-saale\/arztbereich-im-eg-fuer-fuenf-wochen-gesperrt\/","title":{"rendered":"Arztbereich im EG f\u00fcr f\u00fcnf Wochen gesperrt"},"content":{"rendered":"<p>Sehr geehrte Patienten und Patientinnen,<\/p>\n<p>in der Zeit vom <strong>21.6.\u201329.07.2024<\/strong> ist auf Grund von Reparaturarbeiten der <strong>Arztbereich im EG gesperrt.<\/strong> Die \u00c4rzte arbeiten in dieser Zeit im <strong>1. OG<\/strong>. Durch die Bauarbeiten (Fu\u00dfbodenerneuerung, Malern, Installation Klimaanlage, \u2026) kann es zu Beeintr\u00e4chtigungen kommen.<br \/>\nVielen Dank f\u00fcr Ihr Verst\u00e4ndnis.<\/p>\n<p class=\"p1\">Ihr reha FLEX-Team<\/p>\n","protected":false},"excerpt":{"rendered":"<p>Sehr geehrte Patienten und Patientinnen, in der Zeit vom 21.6.\u201329.07.2024 ist auf Grund von Reparaturarbeiten der Arztbereich im EG gesperrt. Die \u00c4rzte arbeiten in dieser Zeit im 1. OG. Durch die Bauarbeiten (Fu\u00dfbodenerneuerung, Malern, Installation Klimaanlage, \u2026) kann es zu Beeintr\u00e4chtigungen kommen. Vielen Dank f\u00fcr Ihr Verst\u00e4ndnis. Ihr reha FLEX-Team<\/p>\n","protected":false},"author":2,"featured_media":1809,"comment_status":"closed","ping_status":"open","sticky":false,"template":"","format":"standard","meta":{"footnotes":""},"categories":[3],"tags":[],"class_list":["post-1807","post","type-post","status-publish","format-standard","has-post-thumbnail","hentry","category-aktuelles"],"yoast_head":"<!-- This site is optimized with the Yoast SEO plugin v26.9 - https:\/\/yoast.com\/product\/yoast-seo-wordpress\/ -->\n<title>Arztbereich im EG f\u00fcr f\u00fcnf Wochen gesperrt - Saline Rehabilitationsklinik Halle (Saale)<\/title>\n<meta name=\"robots\" content=\"index, follow, max-snippet:-1, max-image-preview:large, max-video-preview:-1\" \/>\n<link rel=\"canonical\" href=\"https:\/\/reha-flex.de\/saline-rehabilitationsklinik-halle-saale\/arztbereich-im-eg-fuer-fuenf-wochen-gesperrt\/\" \/>\n<meta property=\"og:locale\" content=\"de_DE\" \/>\n<meta property=\"og:type\" content=\"article\" \/>\n<meta property=\"og:title\" content=\"Arztbereich im EG f\u00fcr f\u00fcnf Wochen gesperrt - Saline Rehabilitationsklinik Halle (Saale)\" \/>\n<meta property=\"og:description\" content=\"Sehr geehrte Patienten und Patientinnen, in der Zeit vom 21.6.\u201329.07.2024 ist auf Grund von Reparaturarbeiten der Arztbereich im EG gesperrt. Die \u00c4rzte arbeiten in dieser Zeit im 1. OG. Durch die Bauarbeiten (Fu\u00dfbodenerneuerung, Malern, Installation Klimaanlage, \u2026) kann es zu Beeintr\u00e4chtigungen kommen. Vielen Dank f\u00fcr Ihr Verst\u00e4ndnis. Ihr reha FLEX-Team\" \/>\n<meta property=\"og:url\" content=\"https:\/\/reha-flex.de\/saline-rehabilitationsklinik-halle-saale\/arztbereich-im-eg-fuer-fuenf-wochen-gesperrt\/\" \/>\n<meta property=\"og:site_name\" content=\"Saline Rehabilitationsklinik Halle (Saale)\" \/>\n<meta property=\"article:published_time\" content=\"2024-06-21T14:19:16+00:00\" \/>\n<meta property=\"og:image\" content=\"http:\/\/reha-flex.de\/wp-content\/uploads\/sites\/2\/2024\/06\/Bauarbeiten_web.jpg\" \/>\n\t<meta property=\"og:image:width\" content=\"2000\" \/>\n\t<meta property=\"og:image:height\" content=\"1125\" \/>\n\t<meta property=\"og:image:type\" content=\"image\/jpeg\" \/>\n<meta name=\"author\" content=\"chwalek\" \/>\n<meta name=\"twitter:card\" content=\"summary_large_image\" \/>\n<meta name=\"twitter:label1\" content=\"Geschrieben von\" \/>\n\t<meta name=\"twitter:data1\" content=\"chwalek\" \/>\n\t<meta name=\"twitter:label2\" content=\"Gesch\u00e4tzte Lesezeit\" \/>\n\t<meta name=\"twitter:data2\" content=\"1\u00a0Minute\" \/>\n<script type=\"application\/ld+json\" class=\"yoast-schema-graph\">{\"@context\":\"https:\/\/schema.org\",\"@graph\":[{\"@type\":\"Article\",\"@id\":\"https:\/\/reha-flex.de\/saline-rehabilitationsklinik-halle-saale\/arztbereich-im-eg-fuer-fuenf-wochen-gesperrt\/#article\",\"isPartOf\":{\"@id\":\"https:\/\/reha-flex.de\/saline-rehabilitationsklinik-halle-saale\/arztbereich-im-eg-fuer-fuenf-wochen-gesperrt\/\"},\"author\":{\"name\":\"chwalek\",\"@id\":\"https:\/\/reha-flex.de\/saline-rehabilitationsklinik-halle-saale\/#\/schema\/person\/e859ea7c6762b2efe3bd9d30509b4333\"},\"headline\":\"Arztbereich im EG f\u00fcr f\u00fcnf Wochen gesperrt\",\"datePublished\":\"2024-06-21T14:19:16+00:00\",\"mainEntityOfPage\":{\"@id\":\"https:\/\/reha-flex.de\/saline-rehabilitationsklinik-halle-saale\/arztbereich-im-eg-fuer-fuenf-wochen-gesperrt\/\"},\"wordCount\":60,\"image\":{\"@id\":\"https:\/\/reha-flex.de\/saline-rehabilitationsklinik-halle-saale\/arztbereich-im-eg-fuer-fuenf-wochen-gesperrt\/#primaryimage\"},\"thumbnailUrl\":\"https:\/\/reha-flex.de\/wp-content\/uploads\/sites\/2\/2024\/06\/Bauarbeiten_web.jpg\",\"articleSection\":[\"Aktuelles\"],\"inLanguage\":\"de\"},{\"@type\":\"WebPage\",\"@id\":\"https:\/\/reha-flex.de\/saline-rehabilitationsklinik-halle-saale\/arztbereich-im-eg-fuer-fuenf-wochen-gesperrt\/\",\"url\":\"https:\/\/reha-flex.de\/saline-rehabilitationsklinik-halle-saale\/arztbereich-im-eg-fuer-fuenf-wochen-gesperrt\/\",\"name\":\"Arztbereich im EG f\u00fcr f\u00fcnf Wochen gesperrt - Saline Rehabilitationsklinik Halle (Saale)\",\"isPartOf\":{\"@id\":\"https:\/\/reha-flex.de\/saline-rehabilitationsklinik-halle-saale\/#website\"},\"primaryImageOfPage\":{\"@id\":\"https:\/\/reha-flex.de\/saline-rehabilitationsklinik-halle-saale\/arztbereich-im-eg-fuer-fuenf-wochen-gesperrt\/#primaryimage\"},\"image\":{\"@id\":\"https:\/\/reha-flex.de\/saline-rehabilitationsklinik-halle-saale\/arztbereich-im-eg-fuer-fuenf-wochen-gesperrt\/#primaryimage\"},\"thumbnailUrl\":\"https:\/\/reha-flex.de\/wp-content\/uploads\/sites\/2\/2024\/06\/Bauarbeiten_web.jpg\",\"datePublished\":\"2024-06-21T14:19:16+00:00\",\"author\":{\"@id\":\"https:\/\/reha-flex.de\/saline-rehabilitationsklinik-halle-saale\/#\/schema\/person\/e859ea7c6762b2efe3bd9d30509b4333\"},\"breadcrumb\":{\"@id\":\"https:\/\/reha-flex.de\/saline-rehabilitationsklinik-halle-saale\/arztbereich-im-eg-fuer-fuenf-wochen-gesperrt\/#breadcrumb\"},\"inLanguage\":\"de\",\"potentialAction\":[{\"@type\":\"ReadAction\",\"target\":[\"https:\/\/reha-flex.de\/saline-rehabilitationsklinik-halle-saale\/arztbereich-im-eg-fuer-fuenf-wochen-gesperrt\/\"]}]},{\"@type\":\"ImageObject\",\"inLanguage\":\"de\",\"@id\":\"https:\/\/reha-flex.de\/saline-rehabilitationsklinik-halle-saale\/arztbereich-im-eg-fuer-fuenf-wochen-gesperrt\/#primaryimage\",\"url\":\"https:\/\/reha-flex.de\/wp-content\/uploads\/sites\/2\/2024\/06\/Bauarbeiten_web.jpg\",\"contentUrl\":\"https:\/\/reha-flex.de\/wp-content\/uploads\/sites\/2\/2024\/06\/Bauarbeiten_web.jpg\",\"width\":2000,\"height\":1125},{\"@type\":\"BreadcrumbList\",\"@id\":\"https:\/\/reha-flex.de\/saline-rehabilitationsklinik-halle-saale\/arztbereich-im-eg-fuer-fuenf-wochen-gesperrt\/#breadcrumb\",\"itemListElement\":[{\"@type\":\"ListItem\",\"position\":1,\"name\":\"Startseite\",\"item\":\"https:\/\/reha-flex.de\/saline-rehabilitationsklinik-halle-saale\/\"},{\"@type\":\"ListItem\",\"position\":2,\"name\":\"Arztbereich im EG f\u00fcr f\u00fcnf Wochen gesperrt\"}]},{\"@type\":\"WebSite\",\"@id\":\"https:\/\/reha-flex.de\/saline-rehabilitationsklinik-halle-saale\/#website\",\"url\":\"https:\/\/reha-flex.de\/saline-rehabilitationsklinik-halle-saale\/\",\"name\":\"Saline Rehabilitationsklinik Halle (Saale)\",\"description\":\"\",\"potentialAction\":[{\"@type\":\"SearchAction\",\"target\":{\"@type\":\"EntryPoint\",\"urlTemplate\":\"https:\/\/reha-flex.de\/saline-rehabilitationsklinik-halle-saale\/?s={search_term_string}\"},\"query-input\":{\"@type\":\"PropertyValueSpecification\",\"valueRequired\":true,\"valueName\":\"search_term_string\"}}],\"inLanguage\":\"de\"},{\"@type\":\"Person\",\"@id\":\"https:\/\/reha-flex.de\/saline-rehabilitationsklinik-halle-saale\/#\/schema\/person\/e859ea7c6762b2efe3bd9d30509b4333\",\"name\":\"chwalek\",\"url\":\"https:\/\/reha-flex.de\/saline-rehabilitationsklinik-halle-saale\/author\/chwalek\/\"}]}<\/script>\n<!-- \/ Yoast SEO plugin. -->","yoast_head_json":{"title":"Arztbereich im EG f\u00fcr f\u00fcnf Wochen gesperrt - Saline Rehabilitationsklinik Halle (Saale)","robots":{"index":"index","follow":"follow","max-snippet":"max-snippet:-1","max-image-preview":"max-image-preview:large","max-video-preview":"max-video-preview:-1"},"canonical":"https:\/\/reha-flex.de\/saline-rehabilitationsklinik-halle-saale\/arztbereich-im-eg-fuer-fuenf-wochen-gesperrt\/","og_locale":"de_DE","og_type":"article","og_title":"Arztbereich im EG f\u00fcr f\u00fcnf Wochen gesperrt - Saline Rehabilitationsklinik Halle (Saale)","og_description":"Sehr geehrte Patienten und Patientinnen, in der Zeit vom 21.6.\u201329.07.2024 ist auf Grund von Reparaturarbeiten der Arztbereich im EG gesperrt. Die \u00c4rzte arbeiten in dieser Zeit im 1. OG. Durch die Bauarbeiten (Fu\u00dfbodenerneuerung, Malern, Installation Klimaanlage, \u2026) kann es zu Beeintr\u00e4chtigungen kommen. Vielen Dank f\u00fcr Ihr Verst\u00e4ndnis. Ihr reha FLEX-Team","og_url":"https:\/\/reha-flex.de\/saline-rehabilitationsklinik-halle-saale\/arztbereich-im-eg-fuer-fuenf-wochen-gesperrt\/","og_site_name":"Saline Rehabilitationsklinik Halle (Saale)","article_published_time":"2024-06-21T14:19:16+00:00","og_image":[{"width":2000,"height":1125,"url":"http:\/\/reha-flex.de\/wp-content\/uploads\/sites\/2\/2024\/06\/Bauarbeiten_web.jpg","type":"image\/jpeg"}],"author":"chwalek","twitter_card":"summary_large_image","twitter_misc":{"Geschrieben von":"chwalek","Gesch\u00e4tzte Lesezeit":"1\u00a0Minute"},"schema":{"@context":"https:\/\/schema.org","@graph":[{"@type":"Article","@id":"https:\/\/reha-flex.de\/saline-rehabilitationsklinik-halle-saale\/arztbereich-im-eg-fuer-fuenf-wochen-gesperrt\/#article","isPartOf":{"@id":"https:\/\/reha-flex.de\/saline-rehabilitationsklinik-halle-saale\/arztbereich-im-eg-fuer-fuenf-wochen-gesperrt\/"},"author":{"name":"chwalek","@id":"https:\/\/reha-flex.de\/saline-rehabilitationsklinik-halle-saale\/#\/schema\/person\/e859ea7c6762b2efe3bd9d30509b4333"},"headline":"Arztbereich im EG f\u00fcr f\u00fcnf Wochen gesperrt","datePublished":"2024-06-21T14:19:16+00:00","mainEntityOfPage":{"@id":"https:\/\/reha-flex.de\/saline-rehabilitationsklinik-halle-saale\/arztbereich-im-eg-fuer-fuenf-wochen-gesperrt\/"},"wordCount":60,"image":{"@id":"https:\/\/reha-flex.de\/saline-rehabilitationsklinik-halle-saale\/arztbereich-im-eg-fuer-fuenf-wochen-gesperrt\/#primaryimage"},"thumbnailUrl":"https:\/\/reha-flex.de\/wp-content\/uploads\/sites\/2\/2024\/06\/Bauarbeiten_web.jpg","articleSection":["Aktuelles"],"inLanguage":"de"},{"@type":"WebPage","@id":"https:\/\/reha-flex.de\/saline-rehabilitationsklinik-halle-saale\/arztbereich-im-eg-fuer-fuenf-wochen-gesperrt\/","url":"https:\/\/reha-flex.de\/saline-rehabilitationsklinik-halle-saale\/arztbereich-im-eg-fuer-fuenf-wochen-gesperrt\/","name":"Arztbereich im EG f\u00fcr f\u00fcnf Wochen gesperrt - Saline Rehabilitationsklinik Halle (Saale)","isPartOf":{"@id":"https:\/\/reha-flex.de\/saline-rehabilitationsklinik-halle-saale\/#website"},"primaryImageOfPage":{"@id":"https:\/\/reha-flex.de\/saline-rehabilitationsklinik-halle-saale\/arztbereich-im-eg-fuer-fuenf-wochen-gesperrt\/#primaryimage"},"image":{"@id":"https:\/\/reha-flex.de\/saline-rehabilitationsklinik-halle-saale\/arztbereich-im-eg-fuer-fuenf-wochen-gesperrt\/#primaryimage"},"thumbnailUrl":"https:\/\/reha-flex.de\/wp-content\/uploads\/sites\/2\/2024\/06\/Bauarbeiten_web.jpg","datePublished":"2024-06-21T14:19:16+00:00","author":{"@id":"https:\/\/reha-flex.de\/saline-rehabilitationsklinik-halle-saale\/#\/schema\/person\/e859ea7c6762b2efe3bd9d30509b4333"},"breadcrumb":{"@id":"https:\/\/reha-flex.de\/saline-rehabilitationsklinik-halle-saale\/arztbereich-im-eg-fuer-fuenf-wochen-gesperrt\/#breadcrumb"},"inLanguage":"de","potentialAction":[{"@type":"ReadAction","target":["https:\/\/reha-flex.de\/saline-rehabilitationsklinik-halle-saale\/arztbereich-im-eg-fuer-fuenf-wochen-gesperrt\/"]}]},{"@type":"ImageObject","inLanguage":"de","@id":"https:\/\/reha-flex.de\/saline-rehabilitationsklinik-halle-saale\/arztbereich-im-eg-fuer-fuenf-wochen-gesperrt\/#primaryimage","url":"https:\/\/reha-flex.de\/wp-content\/uploads\/sites\/2\/2024\/06\/Bauarbeiten_web.jpg","contentUrl":"https:\/\/reha-flex.de\/wp-content\/uploads\/sites\/2\/2024\/06\/Bauarbeiten_web.jpg","width":2000,"height":1125},{"@type":"BreadcrumbList","@id":"https:\/\/reha-flex.de\/saline-rehabilitationsklinik-halle-saale\/arztbereich-im-eg-fuer-fuenf-wochen-gesperrt\/#breadcrumb","itemListElement":[{"@type":"ListItem","position":1,"name":"Startseite","item":"https:\/\/reha-flex.de\/saline-rehabilitationsklinik-halle-saale\/"},{"@type":"ListItem","position":2,"name":"Arztbereich im EG f\u00fcr f\u00fcnf Wochen gesperrt"}]},{"@type":"WebSite","@id":"https:\/\/reha-flex.de\/saline-rehabilitationsklinik-halle-saale\/#website","url":"https:\/\/reha-flex.de\/saline-rehabilitationsklinik-halle-saale\/","name":"Saline Rehabilitationsklinik Halle (Saale)","description":"","potentialAction":[{"@type":"SearchAction","target":{"@type":"EntryPoint","urlTemplate":"https:\/\/reha-flex.de\/saline-rehabilitationsklinik-halle-saale\/?s={search_term_string}"},"query-input":{"@type":"PropertyValueSpecification","valueRequired":true,"valueName":"search_term_string"}}],"inLanguage":"de"},{"@type":"Person","@id":"https:\/\/reha-flex.de\/saline-rehabilitationsklinik-halle-saale\/#\/schema\/person\/e859ea7c6762b2efe3bd9d30509b4333","name":"chwalek","url":"https:\/\/reha-flex.de\/saline-rehabilitationsklinik-halle-saale\/author\/chwalek\/"}]}},"_links":{"self":[{"href":"https:\/\/reha-flex.de\/saline-rehabilitationsklinik-halle-saale\/wp-json\/wp\/v2\/posts\/1807","targetHints":{"allow":["GET"]}}],"collection":[{"href":"https:\/\/reha-flex.de\/saline-rehabilitationsklinik-halle-saale\/wp-json\/wp\/v2\/posts"}],"about":[{"href":"https:\/\/reha-flex.de\/saline-rehabilitationsklinik-halle-saale\/wp-json\/wp\/v2\/types\/post"}],"author":[{"embeddable":true,"href":"https:\/\/reha-flex.de\/saline-rehabilitationsklinik-halle-saale\/wp-json\/wp\/v2\/users\/2"}],"replies":[{"embeddable":true,"href":"https:\/\/reha-flex.de\/saline-rehabilitationsklinik-halle-saale\/wp-json\/wp\/v2\/comments?post=1807"}],"version-history":[{"count":4,"href":"https:\/\/reha-flex.de\/saline-rehabilitationsklinik-halle-saale\/wp-json\/wp\/v2\/posts\/1807\/revisions"}],"predecessor-version":[{"id":1812,"href":"https:\/\/reha-flex.de\/saline-rehabilitationsklinik-halle-saale\/wp-json\/wp\/v2\/posts\/1807\/revisions\/1812"}],"wp:featuredmedia":[{"embeddable":true,"href":"https:\/\/reha-flex.de\/saline-rehabilitationsklinik-halle-saale\/wp-json\/wp\/v2\/media\/1809"}],"wp:attachment":[{"href":"https:\/\/reha-flex.de\/saline-rehabilitationsklinik-halle-saale\/wp-json\/wp\/v2\/media?parent=1807"}],"wp:term":[{"taxonomy":"category","embeddable":true,"href":"https:\/\/reha-flex.de\/saline-rehabilitationsklinik-halle-saale\/wp-json\/wp\/v2\/categories?post=1807"},{"taxonomy":"post_tag","embeddable":true,"href":"https:\/\/reha-flex.de\/saline-rehabilitationsklinik-halle-saale\/wp-json\/wp\/v2\/tags?post=1807"}],"curies":[{"name":"wp","href":"https:\/\/api.w.org\/{rel}","templated":true}]}}