{"id":2012,"date":"2025-06-05T16:00:52","date_gmt":"2025-06-05T14:00:52","guid":{"rendered":"https:\/\/reha-flex.de\/saline-rehabilitationsklinik-halle-saale\/?p=2012"},"modified":"2025-06-06T09:22:02","modified_gmt":"2025-06-06T07:22:02","slug":"erfolgreiche-teilnahme-beim-halleschen-firmenlauf-2025","status":"publish","type":"post","link":"https:\/\/reha-flex.de\/saline-rehabilitationsklinik-halle-saale\/erfolgreiche-teilnahme-beim-halleschen-firmenlauf-2025\/","title":{"rendered":"Erfolgreiche Teilnahme beim Halleschen Firmenlauf 2025"},"content":{"rendered":"<div class=\"xdj266r x11i5rnm xat24cr x1mh8g0r x1vvkbs x126k92a\">\n<div dir=\"auto\">\n<h4>Teamgeist und Bewegung<\/h4>\n<p class=\"p1\">Mit gro\u00dfer Freude blicken wir auf den diesj\u00e4hrigen <a href=\"https:\/\/hallescher-firmenlauf.de\/\">Halleschen Firmenlauf<\/a> zur\u00fcck, bei dem gleich mehrere engagierte Mitarbeiterinnen und Mitarbeiter von reha FLEX an den Start gingen. Bei bestem Laufwetter zeigten unsere Teams sportlichen Ehrgeiz, Zusammenhalt und jede Menge gute Laune \u2013 ganz im Sinne unserer t\u00e4glichen Arbeit f\u00fcr Gesundheit und Bewegung. Ein besonderes Highlight: Unsere <strong>&#8222;Saline-Jungs&#8220;<\/strong> erreichten einen gro\u00dfartigen <span class=\"s1\"><b>3. Platz<\/b><\/span> in der M\u00e4nner-Teamwertung! Wir gratulieren herzlich zu dieser starken Leistung und bedanken uns auch bei Team <strong>&#8222;M\u00e4delspower&#8220;<\/strong> und <strong>&#8222;Team TRZ&#8220;<\/strong> f\u00fcr ihren sportlichen Einsatz. Ein ganz gro\u00dfes Dankesch\u00f6n geht auch an unser Technik-Team!<\/p>\n<p class=\"p1\">Solche gemeinsamen Erlebnisse st\u00e4rken nicht nur den Teamgeist, sondern stehen auch exemplarisch f\u00fcr unser Engagement rund um ein gesundes und aktives Leben \u2013 f\u00fcr unsere Patientinnen und Patienten ebenso wie f\u00fcr unser Team.<br \/>\nWir freuen uns schon auf den n\u00e4chsten Lauf!<\/p>\n<\/div>\n<\/div>\n<div dir=\"auto\">Hier geht&#8217;s zu den Beitr\u00e4gen <a href=\"https:\/\/www.instagram.com\/p\/DKg06ZTtbAf\/?utm_source=ig_web_copy_link\" target=\"_blank\" rel=\"noopener\">auf Instagram <\/a>und auf <a href=\"https:\/\/www.facebook.com\/story.php?story_fbid=1258354932736749&amp;id=100056867635293&amp;mibextid=wwXIfr&amp;rdid=IDbhtuaPRUBgU7WI#\" target=\"_blank\" rel=\"noopener\">Facebook.<\/a><\/div>\n<p>&nbsp;<\/p>\n<div dir=\"auto\"><img loading=\"lazy\" decoding=\"async\" class=\"alignnone wp-image-2018\" src=\"http:\/\/reha-flex.de\/wp-content\/uploads\/sites\/2\/2025\/06\/WhatsApp-Image-2025-06-04-at-21.27.3711-1160x650.jpeg\" alt=\"\" width=\"1130\" height=\"633\" \/><img loading=\"lazy\" decoding=\"async\" class=\"alignnone wp-image-2028 \" src=\"http:\/\/reha-flex.de\/wp-content\/uploads\/sites\/2\/2025\/06\/WhatsApp-Image-2025-06-04-at-21.22.59-500x500.jpeg\" alt=\"Urkunde 3. Platz beim Halleschen Firmenlauf\" width=\"377\" height=\"377\" srcset=\"https:\/\/reha-flex.de\/wp-content\/uploads\/sites\/2\/2025\/06\/WhatsApp-Image-2025-06-04-at-21.22.59-500x500.jpeg 500w, https:\/\/reha-flex.de\/wp-content\/uploads\/sites\/2\/2025\/06\/WhatsApp-Image-2025-06-04-at-21.22.59-150x150.jpeg 150w, https:\/\/reha-flex.de\/wp-content\/uploads\/sites\/2\/2025\/06\/WhatsApp-Image-2025-06-04-at-21.22.59-65x65.jpeg 65w\" sizes=\"auto, (max-width: 377px) 100vw, 377px\" \/>\u00a0 \u00a0 \u00a0<img loading=\"lazy\" decoding=\"async\" class=\"alignnone wp-image-2027\" src=\"http:\/\/reha-flex.de\/wp-content\/uploads\/sites\/2\/2025\/06\/WhatsApp-Image-2025-06-04-at-21.22.59_2-1160x650.jpeg\" alt=\"\" width=\"671\" height=\"376\" \/><\/div>\n<div dir=\"auto\"><\/div>\n<div dir=\"auto\"><\/div>\n","protected":false},"excerpt":{"rendered":"<p>Teamgeist und Bewegung Mit gro\u00dfer Freude blicken wir auf den diesj\u00e4hrigen Halleschen Firmenlauf zur\u00fcck, bei dem gleich mehrere engagierte Mitarbeiterinnen und Mitarbeiter von reha FLEX an den Start gingen. Bei bestem Laufwetter zeigten unsere Teams sportlichen Ehrgeiz, Zusammenhalt und jede Menge gute Laune \u2013 ganz im Sinne unserer t\u00e4glichen Arbeit f\u00fcr Gesundheit und Bewegung. Ein&#8230;<\/p>\n","protected":false},"author":2,"featured_media":2019,"comment_status":"closed","ping_status":"open","sticky":false,"template":"","format":"standard","meta":{"footnotes":""},"categories":[3],"tags":[28,29],"class_list":["post-2012","post","type-post","status-publish","format-standard","has-post-thumbnail","hentry","category-aktuelles","tag-firmenlauf","tag-halle"],"yoast_head":"<!-- This site is optimized with the Yoast SEO plugin v26.9 - https:\/\/yoast.com\/product\/yoast-seo-wordpress\/ -->\n<title>Erfolgreiche Teilnahme beim Halleschen Firmenlauf 2025 - Saline Rehabilitationsklinik Halle (Saale)<\/title>\n<meta name=\"robots\" content=\"index, follow, max-snippet:-1, max-image-preview:large, max-video-preview:-1\" \/>\n<link rel=\"canonical\" href=\"https:\/\/reha-flex.de\/saline-rehabilitationsklinik-halle-saale\/erfolgreiche-teilnahme-beim-halleschen-firmenlauf-2025\/\" \/>\n<meta property=\"og:locale\" content=\"de_DE\" \/>\n<meta property=\"og:type\" content=\"article\" \/>\n<meta property=\"og:title\" content=\"Erfolgreiche Teilnahme beim Halleschen Firmenlauf 2025 - Saline Rehabilitationsklinik Halle (Saale)\" \/>\n<meta property=\"og:description\" content=\"Teamgeist und Bewegung Mit gro\u00dfer Freude blicken wir auf den diesj\u00e4hrigen Halleschen Firmenlauf zur\u00fcck, bei dem gleich mehrere engagierte Mitarbeiterinnen und Mitarbeiter von reha FLEX an den Start gingen. Bei bestem Laufwetter zeigten unsere Teams sportlichen Ehrgeiz, Zusammenhalt und jede Menge gute Laune \u2013 ganz im Sinne unserer t\u00e4glichen Arbeit f\u00fcr Gesundheit und Bewegung. Ein...\" \/>\n<meta property=\"og:url\" content=\"https:\/\/reha-flex.de\/saline-rehabilitationsklinik-halle-saale\/erfolgreiche-teilnahme-beim-halleschen-firmenlauf-2025\/\" \/>\n<meta property=\"og:site_name\" content=\"Saline Rehabilitationsklinik Halle (Saale)\" \/>\n<meta property=\"article:published_time\" content=\"2025-06-05T14:00:52+00:00\" \/>\n<meta property=\"article:modified_time\" content=\"2025-06-06T07:22:02+00:00\" \/>\n<meta property=\"og:image\" content=\"http:\/\/reha-flex.de\/wp-content\/uploads\/sites\/2\/2025\/06\/WhatsApp-Image-2025-06-04-at-21.27.3610.jpeg\" \/>\n\t<meta property=\"og:image:width\" content=\"2048\" \/>\n\t<meta property=\"og:image:height\" content=\"1536\" \/>\n\t<meta property=\"og:image:type\" content=\"image\/jpeg\" \/>\n<meta name=\"author\" content=\"chwalek\" \/>\n<meta name=\"twitter:card\" content=\"summary_large_image\" \/>\n<meta name=\"twitter:label1\" content=\"Geschrieben von\" \/>\n\t<meta name=\"twitter:data1\" content=\"chwalek\" \/>\n\t<meta name=\"twitter:label2\" content=\"Gesch\u00e4tzte Lesezeit\" \/>\n\t<meta name=\"twitter:data2\" content=\"2\u00a0Minuten\" \/>\n<script type=\"application\/ld+json\" class=\"yoast-schema-graph\">{\"@context\":\"https:\/\/schema.org\",\"@graph\":[{\"@type\":\"Article\",\"@id\":\"https:\/\/reha-flex.de\/saline-rehabilitationsklinik-halle-saale\/erfolgreiche-teilnahme-beim-halleschen-firmenlauf-2025\/#article\",\"isPartOf\":{\"@id\":\"https:\/\/reha-flex.de\/saline-rehabilitationsklinik-halle-saale\/erfolgreiche-teilnahme-beim-halleschen-firmenlauf-2025\/\"},\"author\":{\"name\":\"chwalek\",\"@id\":\"https:\/\/reha-flex.de\/saline-rehabilitationsklinik-halle-saale\/#\/schema\/person\/e859ea7c6762b2efe3bd9d30509b4333\"},\"headline\":\"Erfolgreiche Teilnahme beim Halleschen Firmenlauf 2025\",\"datePublished\":\"2025-06-05T14:00:52+00:00\",\"dateModified\":\"2025-06-06T07:22:02+00:00\",\"mainEntityOfPage\":{\"@id\":\"https:\/\/reha-flex.de\/saline-rehabilitationsklinik-halle-saale\/erfolgreiche-teilnahme-beim-halleschen-firmenlauf-2025\/\"},\"wordCount\":169,\"image\":{\"@id\":\"https:\/\/reha-flex.de\/saline-rehabilitationsklinik-halle-saale\/erfolgreiche-teilnahme-beim-halleschen-firmenlauf-2025\/#primaryimage\"},\"thumbnailUrl\":\"https:\/\/reha-flex.de\/wp-content\/uploads\/sites\/2\/2025\/06\/WhatsApp-Image-2025-06-04-at-21.27.3610.jpeg\",\"keywords\":[\"Firmenlauf\",\"Halle\"],\"articleSection\":[\"Aktuelles\"],\"inLanguage\":\"de\"},{\"@type\":\"WebPage\",\"@id\":\"https:\/\/reha-flex.de\/saline-rehabilitationsklinik-halle-saale\/erfolgreiche-teilnahme-beim-halleschen-firmenlauf-2025\/\",\"url\":\"https:\/\/reha-flex.de\/saline-rehabilitationsklinik-halle-saale\/erfolgreiche-teilnahme-beim-halleschen-firmenlauf-2025\/\",\"name\":\"Erfolgreiche Teilnahme beim Halleschen Firmenlauf 2025 - Saline Rehabilitationsklinik Halle (Saale)\",\"isPartOf\":{\"@id\":\"https:\/\/reha-flex.de\/saline-rehabilitationsklinik-halle-saale\/#website\"},\"primaryImageOfPage\":{\"@id\":\"https:\/\/reha-flex.de\/saline-rehabilitationsklinik-halle-saale\/erfolgreiche-teilnahme-beim-halleschen-firmenlauf-2025\/#primaryimage\"},\"image\":{\"@id\":\"https:\/\/reha-flex.de\/saline-rehabilitationsklinik-halle-saale\/erfolgreiche-teilnahme-beim-halleschen-firmenlauf-2025\/#primaryimage\"},\"thumbnailUrl\":\"https:\/\/reha-flex.de\/wp-content\/uploads\/sites\/2\/2025\/06\/WhatsApp-Image-2025-06-04-at-21.27.3610.jpeg\",\"datePublished\":\"2025-06-05T14:00:52+00:00\",\"dateModified\":\"2025-06-06T07:22:02+00:00\",\"author\":{\"@id\":\"https:\/\/reha-flex.de\/saline-rehabilitationsklinik-halle-saale\/#\/schema\/person\/e859ea7c6762b2efe3bd9d30509b4333\"},\"breadcrumb\":{\"@id\":\"https:\/\/reha-flex.de\/saline-rehabilitationsklinik-halle-saale\/erfolgreiche-teilnahme-beim-halleschen-firmenlauf-2025\/#breadcrumb\"},\"inLanguage\":\"de\",\"potentialAction\":[{\"@type\":\"ReadAction\",\"target\":[\"https:\/\/reha-flex.de\/saline-rehabilitationsklinik-halle-saale\/erfolgreiche-teilnahme-beim-halleschen-firmenlauf-2025\/\"]}]},{\"@type\":\"ImageObject\",\"inLanguage\":\"de\",\"@id\":\"https:\/\/reha-flex.de\/saline-rehabilitationsklinik-halle-saale\/erfolgreiche-teilnahme-beim-halleschen-firmenlauf-2025\/#primaryimage\",\"url\":\"https:\/\/reha-flex.de\/wp-content\/uploads\/sites\/2\/2025\/06\/WhatsApp-Image-2025-06-04-at-21.27.3610.jpeg\",\"contentUrl\":\"https:\/\/reha-flex.de\/wp-content\/uploads\/sites\/2\/2025\/06\/WhatsApp-Image-2025-06-04-at-21.27.3610.jpeg\",\"width\":2048,\"height\":1536},{\"@type\":\"BreadcrumbList\",\"@id\":\"https:\/\/reha-flex.de\/saline-rehabilitationsklinik-halle-saale\/erfolgreiche-teilnahme-beim-halleschen-firmenlauf-2025\/#breadcrumb\",\"itemListElement\":[{\"@type\":\"ListItem\",\"position\":1,\"name\":\"Startseite\",\"item\":\"https:\/\/reha-flex.de\/saline-rehabilitationsklinik-halle-saale\/\"},{\"@type\":\"ListItem\",\"position\":2,\"name\":\"Erfolgreiche Teilnahme beim Halleschen Firmenlauf 2025\"}]},{\"@type\":\"WebSite\",\"@id\":\"https:\/\/reha-flex.de\/saline-rehabilitationsklinik-halle-saale\/#website\",\"url\":\"https:\/\/reha-flex.de\/saline-rehabilitationsklinik-halle-saale\/\",\"name\":\"Saline Rehabilitationsklinik Halle (Saale)\",\"description\":\"\",\"potentialAction\":[{\"@type\":\"SearchAction\",\"target\":{\"@type\":\"EntryPoint\",\"urlTemplate\":\"https:\/\/reha-flex.de\/saline-rehabilitationsklinik-halle-saale\/?s={search_term_string}\"},\"query-input\":{\"@type\":\"PropertyValueSpecification\",\"valueRequired\":true,\"valueName\":\"search_term_string\"}}],\"inLanguage\":\"de\"},{\"@type\":\"Person\",\"@id\":\"https:\/\/reha-flex.de\/saline-rehabilitationsklinik-halle-saale\/#\/schema\/person\/e859ea7c6762b2efe3bd9d30509b4333\",\"name\":\"chwalek\",\"url\":\"https:\/\/reha-flex.de\/saline-rehabilitationsklinik-halle-saale\/author\/chwalek\/\"}]}<\/script>\n<!-- \/ Yoast SEO plugin. -->","yoast_head_json":{"title":"Erfolgreiche Teilnahme beim Halleschen Firmenlauf 2025 - Saline Rehabilitationsklinik Halle (Saale)","robots":{"index":"index","follow":"follow","max-snippet":"max-snippet:-1","max-image-preview":"max-image-preview:large","max-video-preview":"max-video-preview:-1"},"canonical":"https:\/\/reha-flex.de\/saline-rehabilitationsklinik-halle-saale\/erfolgreiche-teilnahme-beim-halleschen-firmenlauf-2025\/","og_locale":"de_DE","og_type":"article","og_title":"Erfolgreiche Teilnahme beim Halleschen Firmenlauf 2025 - Saline Rehabilitationsklinik Halle (Saale)","og_description":"Teamgeist und Bewegung Mit gro\u00dfer Freude blicken wir auf den diesj\u00e4hrigen Halleschen Firmenlauf zur\u00fcck, bei dem gleich mehrere engagierte Mitarbeiterinnen und Mitarbeiter von reha FLEX an den Start gingen. Bei bestem Laufwetter zeigten unsere Teams sportlichen Ehrgeiz, Zusammenhalt und jede Menge gute Laune \u2013 ganz im Sinne unserer t\u00e4glichen Arbeit f\u00fcr Gesundheit und Bewegung. Ein...","og_url":"https:\/\/reha-flex.de\/saline-rehabilitationsklinik-halle-saale\/erfolgreiche-teilnahme-beim-halleschen-firmenlauf-2025\/","og_site_name":"Saline Rehabilitationsklinik Halle (Saale)","article_published_time":"2025-06-05T14:00:52+00:00","article_modified_time":"2025-06-06T07:22:02+00:00","og_image":[{"width":2048,"height":1536,"url":"http:\/\/reha-flex.de\/wp-content\/uploads\/sites\/2\/2025\/06\/WhatsApp-Image-2025-06-04-at-21.27.3610.jpeg","type":"image\/jpeg"}],"author":"chwalek","twitter_card":"summary_large_image","twitter_misc":{"Geschrieben von":"chwalek","Gesch\u00e4tzte Lesezeit":"2\u00a0Minuten"},"schema":{"@context":"https:\/\/schema.org","@graph":[{"@type":"Article","@id":"https:\/\/reha-flex.de\/saline-rehabilitationsklinik-halle-saale\/erfolgreiche-teilnahme-beim-halleschen-firmenlauf-2025\/#article","isPartOf":{"@id":"https:\/\/reha-flex.de\/saline-rehabilitationsklinik-halle-saale\/erfolgreiche-teilnahme-beim-halleschen-firmenlauf-2025\/"},"author":{"name":"chwalek","@id":"https:\/\/reha-flex.de\/saline-rehabilitationsklinik-halle-saale\/#\/schema\/person\/e859ea7c6762b2efe3bd9d30509b4333"},"headline":"Erfolgreiche Teilnahme beim Halleschen Firmenlauf 2025","datePublished":"2025-06-05T14:00:52+00:00","dateModified":"2025-06-06T07:22:02+00:00","mainEntityOfPage":{"@id":"https:\/\/reha-flex.de\/saline-rehabilitationsklinik-halle-saale\/erfolgreiche-teilnahme-beim-halleschen-firmenlauf-2025\/"},"wordCount":169,"image":{"@id":"https:\/\/reha-flex.de\/saline-rehabilitationsklinik-halle-saale\/erfolgreiche-teilnahme-beim-halleschen-firmenlauf-2025\/#primaryimage"},"thumbnailUrl":"https:\/\/reha-flex.de\/wp-content\/uploads\/sites\/2\/2025\/06\/WhatsApp-Image-2025-06-04-at-21.27.3610.jpeg","keywords":["Firmenlauf","Halle"],"articleSection":["Aktuelles"],"inLanguage":"de"},{"@type":"WebPage","@id":"https:\/\/reha-flex.de\/saline-rehabilitationsklinik-halle-saale\/erfolgreiche-teilnahme-beim-halleschen-firmenlauf-2025\/","url":"https:\/\/reha-flex.de\/saline-rehabilitationsklinik-halle-saale\/erfolgreiche-teilnahme-beim-halleschen-firmenlauf-2025\/","name":"Erfolgreiche Teilnahme beim Halleschen Firmenlauf 2025 - Saline Rehabilitationsklinik Halle (Saale)","isPartOf":{"@id":"https:\/\/reha-flex.de\/saline-rehabilitationsklinik-halle-saale\/#website"},"primaryImageOfPage":{"@id":"https:\/\/reha-flex.de\/saline-rehabilitationsklinik-halle-saale\/erfolgreiche-teilnahme-beim-halleschen-firmenlauf-2025\/#primaryimage"},"image":{"@id":"https:\/\/reha-flex.de\/saline-rehabilitationsklinik-halle-saale\/erfolgreiche-teilnahme-beim-halleschen-firmenlauf-2025\/#primaryimage"},"thumbnailUrl":"https:\/\/reha-flex.de\/wp-content\/uploads\/sites\/2\/2025\/06\/WhatsApp-Image-2025-06-04-at-21.27.3610.jpeg","datePublished":"2025-06-05T14:00:52+00:00","dateModified":"2025-06-06T07:22:02+00:00","author":{"@id":"https:\/\/reha-flex.de\/saline-rehabilitationsklinik-halle-saale\/#\/schema\/person\/e859ea7c6762b2efe3bd9d30509b4333"},"breadcrumb":{"@id":"https:\/\/reha-flex.de\/saline-rehabilitationsklinik-halle-saale\/erfolgreiche-teilnahme-beim-halleschen-firmenlauf-2025\/#breadcrumb"},"inLanguage":"de","potentialAction":[{"@type":"ReadAction","target":["https:\/\/reha-flex.de\/saline-rehabilitationsklinik-halle-saale\/erfolgreiche-teilnahme-beim-halleschen-firmenlauf-2025\/"]}]},{"@type":"ImageObject","inLanguage":"de","@id":"https:\/\/reha-flex.de\/saline-rehabilitationsklinik-halle-saale\/erfolgreiche-teilnahme-beim-halleschen-firmenlauf-2025\/#primaryimage","url":"https:\/\/reha-flex.de\/wp-content\/uploads\/sites\/2\/2025\/06\/WhatsApp-Image-2025-06-04-at-21.27.3610.jpeg","contentUrl":"https:\/\/reha-flex.de\/wp-content\/uploads\/sites\/2\/2025\/06\/WhatsApp-Image-2025-06-04-at-21.27.3610.jpeg","width":2048,"height":1536},{"@type":"BreadcrumbList","@id":"https:\/\/reha-flex.de\/saline-rehabilitationsklinik-halle-saale\/erfolgreiche-teilnahme-beim-halleschen-firmenlauf-2025\/#breadcrumb","itemListElement":[{"@type":"ListItem","position":1,"name":"Startseite","item":"https:\/\/reha-flex.de\/saline-rehabilitationsklinik-halle-saale\/"},{"@type":"ListItem","position":2,"name":"Erfolgreiche Teilnahme beim Halleschen Firmenlauf 2025"}]},{"@type":"WebSite","@id":"https:\/\/reha-flex.de\/saline-rehabilitationsklinik-halle-saale\/#website","url":"https:\/\/reha-flex.de\/saline-rehabilitationsklinik-halle-saale\/","name":"Saline Rehabilitationsklinik Halle (Saale)","description":"","potentialAction":[{"@type":"SearchAction","target":{"@type":"EntryPoint","urlTemplate":"https:\/\/reha-flex.de\/saline-rehabilitationsklinik-halle-saale\/?s={search_term_string}"},"query-input":{"@type":"PropertyValueSpecification","valueRequired":true,"valueName":"search_term_string"}}],"inLanguage":"de"},{"@type":"Person","@id":"https:\/\/reha-flex.de\/saline-rehabilitationsklinik-halle-saale\/#\/schema\/person\/e859ea7c6762b2efe3bd9d30509b4333","name":"chwalek","url":"https:\/\/reha-flex.de\/saline-rehabilitationsklinik-halle-saale\/author\/chwalek\/"}]}},"_links":{"self":[{"href":"https:\/\/reha-flex.de\/saline-rehabilitationsklinik-halle-saale\/wp-json\/wp\/v2\/posts\/2012","targetHints":{"allow":["GET"]}}],"collection":[{"href":"https:\/\/reha-flex.de\/saline-rehabilitationsklinik-halle-saale\/wp-json\/wp\/v2\/posts"}],"about":[{"href":"https:\/\/reha-flex.de\/saline-rehabilitationsklinik-halle-saale\/wp-json\/wp\/v2\/types\/post"}],"author":[{"embeddable":true,"href":"https:\/\/reha-flex.de\/saline-rehabilitationsklinik-halle-saale\/wp-json\/wp\/v2\/users\/2"}],"replies":[{"embeddable":true,"href":"https:\/\/reha-flex.de\/saline-rehabilitationsklinik-halle-saale\/wp-json\/wp\/v2\/comments?post=2012"}],"version-history":[{"count":18,"href":"https:\/\/reha-flex.de\/saline-rehabilitationsklinik-halle-saale\/wp-json\/wp\/v2\/posts\/2012\/revisions"}],"predecessor-version":[{"id":2044,"href":"https:\/\/reha-flex.de\/saline-rehabilitationsklinik-halle-saale\/wp-json\/wp\/v2\/posts\/2012\/revisions\/2044"}],"wp:featuredmedia":[{"embeddable":true,"href":"https:\/\/reha-flex.de\/saline-rehabilitationsklinik-halle-saale\/wp-json\/wp\/v2\/media\/2019"}],"wp:attachment":[{"href":"https:\/\/reha-flex.de\/saline-rehabilitationsklinik-halle-saale\/wp-json\/wp\/v2\/media?parent=2012"}],"wp:term":[{"taxonomy":"category","embeddable":true,"href":"https:\/\/reha-flex.de\/saline-rehabilitationsklinik-halle-saale\/wp-json\/wp\/v2\/categories?post=2012"},{"taxonomy":"post_tag","embeddable":true,"href":"https:\/\/reha-flex.de\/saline-rehabilitationsklinik-halle-saale\/wp-json\/wp\/v2\/tags?post=2012"}],"curies":[{"name":"wp","href":"https:\/\/api.w.org\/{rel}","templated":true}]}}