{"id":2090,"date":"2025-07-02T15:16:58","date_gmt":"2025-07-02T13:16:58","guid":{"rendered":"https:\/\/reha-flex.de\/saline-rehabilitationsklinik-halle-saale\/?p=2090"},"modified":"2025-07-02T15:16:58","modified_gmt":"2025-07-02T13:16:58","slug":"reha-in-der-sommerhitze-bei-uns-ganz-entspannt-moeglich","status":"publish","type":"post","link":"https:\/\/reha-flex.de\/saline-rehabilitationsklinik-halle-saale\/reha-in-der-sommerhitze-bei-uns-ganz-entspannt-moeglich\/","title":{"rendered":"Reha in der Sommerhitze? Bei uns ganz entspannt m\u00f6glich."},"content":{"rendered":"<header class=\"cmsmasters_post_header entry-header\">\n<h4>Hitzeschutz f\u00fcr Patienten und Mitarbeiter<\/h4>\n<p class=\"p1\"><strong>Immer hei\u00dfere Sommer\u00a0haben Auswirkungen\u00a0auf das Wohlbefinden\u00a0und die Gesundheit von\u00a0Patienten und Klinikmitarbeitern.\u00a0Hitzeschutz ist\u00a0deshalb schon lange ein\u00a0wichtiges gesundheitspolitisches\u00a0Thema. Auch\u00a0in unserer Reha-Klinik werden entsprechende Ma\u00dfnahmen\u00a0umgesetzt.<\/strong><\/p>\n<\/header>\n<div class=\"cmsmasters_post_content entry-content\">\n<p class=\"p1\">Die Sommer werden immer hei\u00dfer \u2013 und das ist nicht nur ein Gefu\u0308hl, sondern\u00a0durch Statistiken belegt.\u00a0Laut dem Deutschen\u00a0Wetterdienst hat sich die\u00a0Anzahl der \u00bbhei\u00dfen Tage\u00ab,\u00a0an denen die Temperaturen\u00a0mindestens 30 Grad\u00a0Celsius erreichen, seit den\u00a01950er Jahren von etwa\u00a0drei auf durchschnittlich\u00a0neun Tage pro Jahr verdreifacht.\u00a0Auch l\u00e4ngere Hitzeperioden\u00a0sind in dieser Zeit\u00a0sowohl h\u00e4ufiger als auch\u00a0intensiver geworden. Es ist\u00a0zu erwarten, dass dieser\u00a0Trend durch den Klimawandel\u00a0weiter anh\u00e4lt.<\/p>\n<p class=\"p1\">Die steigenden Temperaturen\u00a0fu\u0308hren zunehmend\u00a0zu gesundheitlichen Problemen.\u00a0Besonders gef\u00e4hrdet\u00a0sind \u00e4ltere Menschen, Pflegebedu\u0308rftige, Personen\u00a0mit Vorerkrankungen sowie\u00a0kleine Kinder und Schwangere. Daher sollte Hitzeschutz\u00a0in medizinischen\u00a0Einrichtungen h\u00f6chste Priorit\u00e4t\u00a0haben.\u00a0Die Hitze belastet den K\u00f6rper\u00a0von erkrankten und\u00a0geschw\u00e4chten Menschen\u00a0noch mehr als den von gesunden.\u00a0Zudem haben Studien\u00a0gezeigt, dass hohe\u00a0Temperaturen die Genesung\u00a0negativ beeinflussen\u00a0k\u00f6nnen.<\/p>\n<h5>Verschattung<\/h5>\n<p class=\"p1\">Gerade in Krankenh\u00e4usern\u00a0und Rehaeinrichtungen\u00a0ist es von entscheidender\u00a0Bedeutung, effektive Ma\u00dfnahmen\u00a0zum Hitzeschutz\u00a0zu ergreifen. Diese dienen nicht nur\u00a0dem Wohl unserer Patienten,\u00a0sondern auch dem unserer\u00a0Mitarbeiter, die unter\u00a0angenehmeren Bedingungen\u00a0arbeiten k\u00f6nnen.<\/p>\n<p class=\"p1\">Ein zentraler Aspekt unseres\u00a0Hitzeschutzkonzepts ist\u00a0die Verschattung. Au\u00dfenverschattungen\u00a0an unseren\u00a0Geb\u00e4uden helfen dabei,\u00a0direkte Sonneneinstrahlung\u00a0zu reduzieren und somit\u00a0die Innenr\u00e4ume ku\u0308hl\u00a0zu halten. Erg\u00e4nzend dazu\u00a0haben wir u\u0308berall Innenverschattungen\u00a0installiert,\u00a0um den Lichteinfall weiter\u00a0zu regulieren und eine angenehme\u00a0Raumtemperatur\u00a0zu gew\u00e4hrleisten.<\/p>\n<p class=\"p1\">Besonders wichtig sind\u00a0diese Ma\u00dfnahmen in unseren\u00a0Therapiebereichen.\u00a0Hier setzen wir zus\u00e4tzlich\u00a0auf moderne Klimaanlagen,\u00a0um eine konstante\u00a0und angenehme Temperatur\u00a0sicherzustellen. Dies\u00a0erm\u00f6glicht es unseren Patienten,\u00a0ihre Therapieeinheiten\u00a0ohne Beeintr\u00e4chtigung\u00a0durch Hitze wahrzunehmen\u00a0und f\u00f6rdert gleichzeitig ein\u00a0besseres Arbeitsgefu\u0308hl fu\u0308r\u00a0unsere Therapeuten.<\/p>\n<h5>Einbau Klimaanlage<\/h5>\n<p class=\"p1\">Die Umsetzung dieser Hitzeschutzma\u00dfnahmen\u00a0liegt\u00a0uns sehr am Herzen, daher\u00a0haben wir mit den ersten\u00a0Klimaschutzma\u00dfnahmen\u00a0bereits im Jahr 2010 begonnen.\u00a0Wir sind u\u0308berzeugt davon,\u00a0dass ein angenehmes\u00a0Raumklima sowohl die Genesung\u00a0unserer Patienten\u00a0als auch die Arbeitszufriedenheit\u00a0unserer Mitarbeiter\u00a0positiv beeinflusst.<\/p>\n<p class=\"p1\">Inzwischen sind alle Therapier\u00e4ume unserer Reha-Klinik mit Klimaanlagen\u00a0ausgestattet. Als\u00a0letzter Bereich wurden die\u00a0\u00e4rztlichen Behandlungsr\u00e4ume\u00a0im Jahr 2024 angeschlossen.<\/p>\n<\/div>\n<p><sup>Der Originalbeitrag erschien in unserem Patientenmagazin Nr. 58 im Januar 2025, das in unserer Reha-Klinik ausliegt.<\/sup><sup>\u00a0Text &amp; Fotos: \u00a9 eckpunkt \u2013 Die Medienagentur GmbH<\/sup><\/p>\n","protected":false},"excerpt":{"rendered":"<p>Hitzeschutz f\u00fcr Patienten und Mitarbeiter Immer hei\u00dfere Sommer\u00a0haben Auswirkungen\u00a0auf das Wohlbefinden\u00a0und die Gesundheit von\u00a0Patienten und Klinikmitarbeitern.\u00a0Hitzeschutz ist\u00a0deshalb schon lange ein\u00a0wichtiges gesundheitspolitisches\u00a0Thema. Auch\u00a0in unserer Reha-Klinik werden entsprechende Ma\u00dfnahmen\u00a0umgesetzt. Die Sommer werden immer hei\u00dfer \u2013 und das ist nicht nur ein Gefu\u0308hl, sondern\u00a0durch Statistiken belegt.\u00a0Laut dem Deutschen\u00a0Wetterdienst hat sich die\u00a0Anzahl der \u00bbhei\u00dfen Tage\u00ab,\u00a0an denen die Temperaturen\u00a0mindestens 30&#8230;<\/p>\n","protected":false},"author":2,"featured_media":2097,"comment_status":"closed","ping_status":"open","sticky":false,"template":"","format":"standard","meta":{"footnotes":""},"categories":[3],"tags":[],"class_list":["post-2090","post","type-post","status-publish","format-standard","has-post-thumbnail","hentry","category-aktuelles"],"yoast_head":"<!-- This site is optimized with the Yoast SEO plugin v26.9 - https:\/\/yoast.com\/product\/yoast-seo-wordpress\/ -->\n<title>Reha in der Sommerhitze? Bei uns ganz entspannt m\u00f6glich. - Saline Rehabilitationsklinik Halle (Saale)<\/title>\n<meta name=\"robots\" content=\"index, follow, max-snippet:-1, max-image-preview:large, max-video-preview:-1\" \/>\n<link rel=\"canonical\" href=\"https:\/\/reha-flex.de\/saline-rehabilitationsklinik-halle-saale\/reha-in-der-sommerhitze-bei-uns-ganz-entspannt-moeglich\/\" \/>\n<meta property=\"og:locale\" content=\"de_DE\" \/>\n<meta property=\"og:type\" content=\"article\" \/>\n<meta property=\"og:title\" content=\"Reha in der Sommerhitze? Bei uns ganz entspannt m\u00f6glich. - Saline Rehabilitationsklinik Halle (Saale)\" \/>\n<meta property=\"og:description\" content=\"Hitzeschutz f\u00fcr Patienten und Mitarbeiter Immer hei\u00dfere Sommer\u00a0haben Auswirkungen\u00a0auf das Wohlbefinden\u00a0und die Gesundheit von\u00a0Patienten und Klinikmitarbeitern.\u00a0Hitzeschutz ist\u00a0deshalb schon lange ein\u00a0wichtiges gesundheitspolitisches\u00a0Thema. Auch\u00a0in unserer Reha-Klinik werden entsprechende Ma\u00dfnahmen\u00a0umgesetzt. Die Sommer werden immer hei\u00dfer \u2013 und das ist nicht nur ein Gefu\u0308hl, sondern\u00a0durch Statistiken belegt.\u00a0Laut dem Deutschen\u00a0Wetterdienst hat sich die\u00a0Anzahl der \u00bbhei\u00dfen Tage\u00ab,\u00a0an denen die Temperaturen\u00a0mindestens 30...\" \/>\n<meta property=\"og:url\" content=\"https:\/\/reha-flex.de\/saline-rehabilitationsklinik-halle-saale\/reha-in-der-sommerhitze-bei-uns-ganz-entspannt-moeglich\/\" \/>\n<meta property=\"og:site_name\" content=\"Saline Rehabilitationsklinik Halle (Saale)\" \/>\n<meta property=\"article:published_time\" content=\"2025-07-02T13:16:58+00:00\" \/>\n<meta property=\"og:image\" content=\"http:\/\/reha-flex.de\/wp-content\/uploads\/sites\/2\/2025\/07\/Hitzeschutz.jpg\" \/>\n\t<meta property=\"og:image:width\" content=\"1920\" \/>\n\t<meta property=\"og:image:height\" content=\"1080\" \/>\n\t<meta property=\"og:image:type\" content=\"image\/jpeg\" \/>\n<meta name=\"author\" content=\"chwalek\" \/>\n<meta name=\"twitter:card\" content=\"summary_large_image\" \/>\n<meta name=\"twitter:label1\" content=\"Geschrieben von\" \/>\n\t<meta name=\"twitter:data1\" content=\"chwalek\" \/>\n\t<meta name=\"twitter:label2\" content=\"Gesch\u00e4tzte Lesezeit\" \/>\n\t<meta name=\"twitter:data2\" content=\"3\u00a0Minuten\" \/>\n<script type=\"application\/ld+json\" class=\"yoast-schema-graph\">{\"@context\":\"https:\/\/schema.org\",\"@graph\":[{\"@type\":\"Article\",\"@id\":\"https:\/\/reha-flex.de\/saline-rehabilitationsklinik-halle-saale\/reha-in-der-sommerhitze-bei-uns-ganz-entspannt-moeglich\/#article\",\"isPartOf\":{\"@id\":\"https:\/\/reha-flex.de\/saline-rehabilitationsklinik-halle-saale\/reha-in-der-sommerhitze-bei-uns-ganz-entspannt-moeglich\/\"},\"author\":{\"name\":\"chwalek\",\"@id\":\"https:\/\/reha-flex.de\/saline-rehabilitationsklinik-halle-saale\/#\/schema\/person\/e859ea7c6762b2efe3bd9d30509b4333\"},\"headline\":\"Reha in der Sommerhitze? Bei uns ganz entspannt m\u00f6glich.\",\"datePublished\":\"2025-07-02T13:16:58+00:00\",\"mainEntityOfPage\":{\"@id\":\"https:\/\/reha-flex.de\/saline-rehabilitationsklinik-halle-saale\/reha-in-der-sommerhitze-bei-uns-ganz-entspannt-moeglich\/\"},\"wordCount\":425,\"image\":{\"@id\":\"https:\/\/reha-flex.de\/saline-rehabilitationsklinik-halle-saale\/reha-in-der-sommerhitze-bei-uns-ganz-entspannt-moeglich\/#primaryimage\"},\"thumbnailUrl\":\"https:\/\/reha-flex.de\/wp-content\/uploads\/sites\/2\/2025\/07\/Hitzeschutz.jpg\",\"articleSection\":[\"Aktuelles\"],\"inLanguage\":\"de\"},{\"@type\":\"WebPage\",\"@id\":\"https:\/\/reha-flex.de\/saline-rehabilitationsklinik-halle-saale\/reha-in-der-sommerhitze-bei-uns-ganz-entspannt-moeglich\/\",\"url\":\"https:\/\/reha-flex.de\/saline-rehabilitationsklinik-halle-saale\/reha-in-der-sommerhitze-bei-uns-ganz-entspannt-moeglich\/\",\"name\":\"Reha in der Sommerhitze? Bei uns ganz entspannt m\u00f6glich. - Saline Rehabilitationsklinik Halle (Saale)\",\"isPartOf\":{\"@id\":\"https:\/\/reha-flex.de\/saline-rehabilitationsklinik-halle-saale\/#website\"},\"primaryImageOfPage\":{\"@id\":\"https:\/\/reha-flex.de\/saline-rehabilitationsklinik-halle-saale\/reha-in-der-sommerhitze-bei-uns-ganz-entspannt-moeglich\/#primaryimage\"},\"image\":{\"@id\":\"https:\/\/reha-flex.de\/saline-rehabilitationsklinik-halle-saale\/reha-in-der-sommerhitze-bei-uns-ganz-entspannt-moeglich\/#primaryimage\"},\"thumbnailUrl\":\"https:\/\/reha-flex.de\/wp-content\/uploads\/sites\/2\/2025\/07\/Hitzeschutz.jpg\",\"datePublished\":\"2025-07-02T13:16:58+00:00\",\"author\":{\"@id\":\"https:\/\/reha-flex.de\/saline-rehabilitationsklinik-halle-saale\/#\/schema\/person\/e859ea7c6762b2efe3bd9d30509b4333\"},\"breadcrumb\":{\"@id\":\"https:\/\/reha-flex.de\/saline-rehabilitationsklinik-halle-saale\/reha-in-der-sommerhitze-bei-uns-ganz-entspannt-moeglich\/#breadcrumb\"},\"inLanguage\":\"de\",\"potentialAction\":[{\"@type\":\"ReadAction\",\"target\":[\"https:\/\/reha-flex.de\/saline-rehabilitationsklinik-halle-saale\/reha-in-der-sommerhitze-bei-uns-ganz-entspannt-moeglich\/\"]}]},{\"@type\":\"ImageObject\",\"inLanguage\":\"de\",\"@id\":\"https:\/\/reha-flex.de\/saline-rehabilitationsklinik-halle-saale\/reha-in-der-sommerhitze-bei-uns-ganz-entspannt-moeglich\/#primaryimage\",\"url\":\"https:\/\/reha-flex.de\/wp-content\/uploads\/sites\/2\/2025\/07\/Hitzeschutz.jpg\",\"contentUrl\":\"https:\/\/reha-flex.de\/wp-content\/uploads\/sites\/2\/2025\/07\/Hitzeschutz.jpg\",\"width\":1920,\"height\":1080,\"caption\":\"Hitzeschutz bei reha FLEX durch Verschattung mit Rollos\"},{\"@type\":\"BreadcrumbList\",\"@id\":\"https:\/\/reha-flex.de\/saline-rehabilitationsklinik-halle-saale\/reha-in-der-sommerhitze-bei-uns-ganz-entspannt-moeglich\/#breadcrumb\",\"itemListElement\":[{\"@type\":\"ListItem\",\"position\":1,\"name\":\"Startseite\",\"item\":\"https:\/\/reha-flex.de\/saline-rehabilitationsklinik-halle-saale\/\"},{\"@type\":\"ListItem\",\"position\":2,\"name\":\"Reha in der Sommerhitze? Bei uns ganz entspannt m\u00f6glich.\"}]},{\"@type\":\"WebSite\",\"@id\":\"https:\/\/reha-flex.de\/saline-rehabilitationsklinik-halle-saale\/#website\",\"url\":\"https:\/\/reha-flex.de\/saline-rehabilitationsklinik-halle-saale\/\",\"name\":\"Saline Rehabilitationsklinik Halle (Saale)\",\"description\":\"\",\"potentialAction\":[{\"@type\":\"SearchAction\",\"target\":{\"@type\":\"EntryPoint\",\"urlTemplate\":\"https:\/\/reha-flex.de\/saline-rehabilitationsklinik-halle-saale\/?s={search_term_string}\"},\"query-input\":{\"@type\":\"PropertyValueSpecification\",\"valueRequired\":true,\"valueName\":\"search_term_string\"}}],\"inLanguage\":\"de\"},{\"@type\":\"Person\",\"@id\":\"https:\/\/reha-flex.de\/saline-rehabilitationsklinik-halle-saale\/#\/schema\/person\/e859ea7c6762b2efe3bd9d30509b4333\",\"name\":\"chwalek\",\"url\":\"https:\/\/reha-flex.de\/saline-rehabilitationsklinik-halle-saale\/author\/chwalek\/\"}]}<\/script>\n<!-- \/ Yoast SEO plugin. -->","yoast_head_json":{"title":"Reha in der Sommerhitze? Bei uns ganz entspannt m\u00f6glich. - Saline Rehabilitationsklinik Halle (Saale)","robots":{"index":"index","follow":"follow","max-snippet":"max-snippet:-1","max-image-preview":"max-image-preview:large","max-video-preview":"max-video-preview:-1"},"canonical":"https:\/\/reha-flex.de\/saline-rehabilitationsklinik-halle-saale\/reha-in-der-sommerhitze-bei-uns-ganz-entspannt-moeglich\/","og_locale":"de_DE","og_type":"article","og_title":"Reha in der Sommerhitze? Bei uns ganz entspannt m\u00f6glich. - Saline Rehabilitationsklinik Halle (Saale)","og_description":"Hitzeschutz f\u00fcr Patienten und Mitarbeiter Immer hei\u00dfere Sommer\u00a0haben Auswirkungen\u00a0auf das Wohlbefinden\u00a0und die Gesundheit von\u00a0Patienten und Klinikmitarbeitern.\u00a0Hitzeschutz ist\u00a0deshalb schon lange ein\u00a0wichtiges gesundheitspolitisches\u00a0Thema. Auch\u00a0in unserer Reha-Klinik werden entsprechende Ma\u00dfnahmen\u00a0umgesetzt. Die Sommer werden immer hei\u00dfer \u2013 und das ist nicht nur ein Gefu\u0308hl, sondern\u00a0durch Statistiken belegt.\u00a0Laut dem Deutschen\u00a0Wetterdienst hat sich die\u00a0Anzahl der \u00bbhei\u00dfen Tage\u00ab,\u00a0an denen die Temperaturen\u00a0mindestens 30...","og_url":"https:\/\/reha-flex.de\/saline-rehabilitationsklinik-halle-saale\/reha-in-der-sommerhitze-bei-uns-ganz-entspannt-moeglich\/","og_site_name":"Saline Rehabilitationsklinik Halle (Saale)","article_published_time":"2025-07-02T13:16:58+00:00","og_image":[{"width":1920,"height":1080,"url":"http:\/\/reha-flex.de\/wp-content\/uploads\/sites\/2\/2025\/07\/Hitzeschutz.jpg","type":"image\/jpeg"}],"author":"chwalek","twitter_card":"summary_large_image","twitter_misc":{"Geschrieben von":"chwalek","Gesch\u00e4tzte Lesezeit":"3\u00a0Minuten"},"schema":{"@context":"https:\/\/schema.org","@graph":[{"@type":"Article","@id":"https:\/\/reha-flex.de\/saline-rehabilitationsklinik-halle-saale\/reha-in-der-sommerhitze-bei-uns-ganz-entspannt-moeglich\/#article","isPartOf":{"@id":"https:\/\/reha-flex.de\/saline-rehabilitationsklinik-halle-saale\/reha-in-der-sommerhitze-bei-uns-ganz-entspannt-moeglich\/"},"author":{"name":"chwalek","@id":"https:\/\/reha-flex.de\/saline-rehabilitationsklinik-halle-saale\/#\/schema\/person\/e859ea7c6762b2efe3bd9d30509b4333"},"headline":"Reha in der Sommerhitze? Bei uns ganz entspannt m\u00f6glich.","datePublished":"2025-07-02T13:16:58+00:00","mainEntityOfPage":{"@id":"https:\/\/reha-flex.de\/saline-rehabilitationsklinik-halle-saale\/reha-in-der-sommerhitze-bei-uns-ganz-entspannt-moeglich\/"},"wordCount":425,"image":{"@id":"https:\/\/reha-flex.de\/saline-rehabilitationsklinik-halle-saale\/reha-in-der-sommerhitze-bei-uns-ganz-entspannt-moeglich\/#primaryimage"},"thumbnailUrl":"https:\/\/reha-flex.de\/wp-content\/uploads\/sites\/2\/2025\/07\/Hitzeschutz.jpg","articleSection":["Aktuelles"],"inLanguage":"de"},{"@type":"WebPage","@id":"https:\/\/reha-flex.de\/saline-rehabilitationsklinik-halle-saale\/reha-in-der-sommerhitze-bei-uns-ganz-entspannt-moeglich\/","url":"https:\/\/reha-flex.de\/saline-rehabilitationsklinik-halle-saale\/reha-in-der-sommerhitze-bei-uns-ganz-entspannt-moeglich\/","name":"Reha in der Sommerhitze? Bei uns ganz entspannt m\u00f6glich. - Saline Rehabilitationsklinik Halle (Saale)","isPartOf":{"@id":"https:\/\/reha-flex.de\/saline-rehabilitationsklinik-halle-saale\/#website"},"primaryImageOfPage":{"@id":"https:\/\/reha-flex.de\/saline-rehabilitationsklinik-halle-saale\/reha-in-der-sommerhitze-bei-uns-ganz-entspannt-moeglich\/#primaryimage"},"image":{"@id":"https:\/\/reha-flex.de\/saline-rehabilitationsklinik-halle-saale\/reha-in-der-sommerhitze-bei-uns-ganz-entspannt-moeglich\/#primaryimage"},"thumbnailUrl":"https:\/\/reha-flex.de\/wp-content\/uploads\/sites\/2\/2025\/07\/Hitzeschutz.jpg","datePublished":"2025-07-02T13:16:58+00:00","author":{"@id":"https:\/\/reha-flex.de\/saline-rehabilitationsklinik-halle-saale\/#\/schema\/person\/e859ea7c6762b2efe3bd9d30509b4333"},"breadcrumb":{"@id":"https:\/\/reha-flex.de\/saline-rehabilitationsklinik-halle-saale\/reha-in-der-sommerhitze-bei-uns-ganz-entspannt-moeglich\/#breadcrumb"},"inLanguage":"de","potentialAction":[{"@type":"ReadAction","target":["https:\/\/reha-flex.de\/saline-rehabilitationsklinik-halle-saale\/reha-in-der-sommerhitze-bei-uns-ganz-entspannt-moeglich\/"]}]},{"@type":"ImageObject","inLanguage":"de","@id":"https:\/\/reha-flex.de\/saline-rehabilitationsklinik-halle-saale\/reha-in-der-sommerhitze-bei-uns-ganz-entspannt-moeglich\/#primaryimage","url":"https:\/\/reha-flex.de\/wp-content\/uploads\/sites\/2\/2025\/07\/Hitzeschutz.jpg","contentUrl":"https:\/\/reha-flex.de\/wp-content\/uploads\/sites\/2\/2025\/07\/Hitzeschutz.jpg","width":1920,"height":1080,"caption":"Hitzeschutz bei reha FLEX durch Verschattung mit Rollos"},{"@type":"BreadcrumbList","@id":"https:\/\/reha-flex.de\/saline-rehabilitationsklinik-halle-saale\/reha-in-der-sommerhitze-bei-uns-ganz-entspannt-moeglich\/#breadcrumb","itemListElement":[{"@type":"ListItem","position":1,"name":"Startseite","item":"https:\/\/reha-flex.de\/saline-rehabilitationsklinik-halle-saale\/"},{"@type":"ListItem","position":2,"name":"Reha in der Sommerhitze? Bei uns ganz entspannt m\u00f6glich."}]},{"@type":"WebSite","@id":"https:\/\/reha-flex.de\/saline-rehabilitationsklinik-halle-saale\/#website","url":"https:\/\/reha-flex.de\/saline-rehabilitationsklinik-halle-saale\/","name":"Saline Rehabilitationsklinik Halle (Saale)","description":"","potentialAction":[{"@type":"SearchAction","target":{"@type":"EntryPoint","urlTemplate":"https:\/\/reha-flex.de\/saline-rehabilitationsklinik-halle-saale\/?s={search_term_string}"},"query-input":{"@type":"PropertyValueSpecification","valueRequired":true,"valueName":"search_term_string"}}],"inLanguage":"de"},{"@type":"Person","@id":"https:\/\/reha-flex.de\/saline-rehabilitationsklinik-halle-saale\/#\/schema\/person\/e859ea7c6762b2efe3bd9d30509b4333","name":"chwalek","url":"https:\/\/reha-flex.de\/saline-rehabilitationsklinik-halle-saale\/author\/chwalek\/"}]}},"_links":{"self":[{"href":"https:\/\/reha-flex.de\/saline-rehabilitationsklinik-halle-saale\/wp-json\/wp\/v2\/posts\/2090","targetHints":{"allow":["GET"]}}],"collection":[{"href":"https:\/\/reha-flex.de\/saline-rehabilitationsklinik-halle-saale\/wp-json\/wp\/v2\/posts"}],"about":[{"href":"https:\/\/reha-flex.de\/saline-rehabilitationsklinik-halle-saale\/wp-json\/wp\/v2\/types\/post"}],"author":[{"embeddable":true,"href":"https:\/\/reha-flex.de\/saline-rehabilitationsklinik-halle-saale\/wp-json\/wp\/v2\/users\/2"}],"replies":[{"embeddable":true,"href":"https:\/\/reha-flex.de\/saline-rehabilitationsklinik-halle-saale\/wp-json\/wp\/v2\/comments?post=2090"}],"version-history":[{"count":7,"href":"https:\/\/reha-flex.de\/saline-rehabilitationsklinik-halle-saale\/wp-json\/wp\/v2\/posts\/2090\/revisions"}],"predecessor-version":[{"id":2098,"href":"https:\/\/reha-flex.de\/saline-rehabilitationsklinik-halle-saale\/wp-json\/wp\/v2\/posts\/2090\/revisions\/2098"}],"wp:featuredmedia":[{"embeddable":true,"href":"https:\/\/reha-flex.de\/saline-rehabilitationsklinik-halle-saale\/wp-json\/wp\/v2\/media\/2097"}],"wp:attachment":[{"href":"https:\/\/reha-flex.de\/saline-rehabilitationsklinik-halle-saale\/wp-json\/wp\/v2\/media?parent=2090"}],"wp:term":[{"taxonomy":"category","embeddable":true,"href":"https:\/\/reha-flex.de\/saline-rehabilitationsklinik-halle-saale\/wp-json\/wp\/v2\/categories?post=2090"},{"taxonomy":"post_tag","embeddable":true,"href":"https:\/\/reha-flex.de\/saline-rehabilitationsklinik-halle-saale\/wp-json\/wp\/v2\/tags?post=2090"}],"curies":[{"name":"wp","href":"https:\/\/api.w.org\/{rel}","templated":true}]}}