{"id":2101,"date":"2025-08-27T16:24:59","date_gmt":"2025-08-27T14:24:59","guid":{"rendered":"https:\/\/reha-flex.de\/saline-rehabilitationsklinik-halle-saale\/?p=2101"},"modified":"2025-08-27T16:27:35","modified_gmt":"2025-08-27T14:27:35","slug":"sommerfest-bei-reha-flex-am-22-08-2025","status":"publish","type":"post","link":"https:\/\/reha-flex.de\/saline-rehabilitationsklinik-halle-saale\/sommerfest-bei-reha-flex-am-22-08-2025\/","title":{"rendered":"Unser Sommerfest am 22.08.2025"},"content":{"rendered":"<div class=\"xdj266r x11i5rnm xat24cr x1mh8g0r x1vvkbs x126k92a\">\n<div dir=\"auto\">\n<p>Trotz des nicht ganz so sommerlichem Wetters haben wir unser diesj\u00e4hriges Sommerfest in vollen Z\u00fcgen genossen! Es gab es jede Menge Leckereien: von frisch zubereiteten Speisen aus dem Foodtruck der <strong>Harzer Blasenwurst<\/strong> bis hin zu selbstgemachten Salaten und Kuchen. F\u00fcr Bewegung und Spa\u00df war nat\u00fcrlich auch gesorgt \u2013 beim Tischtennis und Beachvolleyball im Park unserer Klinik.<\/p>\n<div dir=\"auto\">\n<p>Ein herzliches Dankesch\u00f6n an alle, die mitgemacht, organisiert und f\u00fcr gute Laune gesorgt haben.<\/p>\n<\/div>\n<\/div>\n<\/div>\n<div dir=\"auto\">Hier geht&#8217;s zu den Beitr\u00e4gen <a href=\"https:\/\/www.instagram.com\/p\/DNsjfkSUOK0\/\" target=\"_blank\" rel=\"noopener\">auf Instagram <\/a>und auf <a href=\"https:\/\/www.facebook.com\/share\/p\/1CaBMR5eeD\/?mibextid=wwXIfr\" target=\"_blank\" rel=\"noopener\">Facebook.<\/a><\/div>\n<p>&nbsp;<\/p>\n<p><img loading=\"lazy\" decoding=\"async\" class=\"alignnone wp-image-2104 \" src=\"http:\/\/reha-flex.de\/wp-content\/uploads\/sites\/2\/2025\/08\/IMG_2858-500x500.jpg\" alt=\"\" width=\"365\" height=\"365\" srcset=\"https:\/\/reha-flex.de\/wp-content\/uploads\/sites\/2\/2025\/08\/IMG_2858-500x500.jpg 500w, https:\/\/reha-flex.de\/wp-content\/uploads\/sites\/2\/2025\/08\/IMG_2858-150x150.jpg 150w, https:\/\/reha-flex.de\/wp-content\/uploads\/sites\/2\/2025\/08\/IMG_2858-65x65.jpg 65w\" sizes=\"auto, (max-width: 365px) 100vw, 365px\" \/>\u00a0 \u00a0 \u00a0<img loading=\"lazy\" decoding=\"async\" class=\"alignnone wp-image-2105 \" src=\"http:\/\/reha-flex.de\/wp-content\/uploads\/sites\/2\/2025\/08\/IMG_2864-500x500.jpg\" alt=\"\" width=\"365\" height=\"365\" srcset=\"https:\/\/reha-flex.de\/wp-content\/uploads\/sites\/2\/2025\/08\/IMG_2864-500x500.jpg 500w, https:\/\/reha-flex.de\/wp-content\/uploads\/sites\/2\/2025\/08\/IMG_2864-150x150.jpg 150w, https:\/\/reha-flex.de\/wp-content\/uploads\/sites\/2\/2025\/08\/IMG_2864-65x65.jpg 65w\" sizes=\"auto, (max-width: 365px) 100vw, 365px\" \/>\u00a0 \u00a0 \u00a0<img loading=\"lazy\" decoding=\"async\" class=\"alignnone wp-image-2106\" src=\"http:\/\/reha-flex.de\/wp-content\/uploads\/sites\/2\/2025\/08\/IMG_2869-500x500.jpg\" alt=\"\" width=\"365\" height=\"365\" srcset=\"https:\/\/reha-flex.de\/wp-content\/uploads\/sites\/2\/2025\/08\/IMG_2869-500x500.jpg 500w, https:\/\/reha-flex.de\/wp-content\/uploads\/sites\/2\/2025\/08\/IMG_2869-150x150.jpg 150w, https:\/\/reha-flex.de\/wp-content\/uploads\/sites\/2\/2025\/08\/IMG_2869-65x65.jpg 65w\" sizes=\"auto, (max-width: 365px) 100vw, 365px\" \/><\/p>\n<p><img loading=\"lazy\" decoding=\"async\" class=\"alignnone wp-image-2107\" src=\"http:\/\/reha-flex.de\/wp-content\/uploads\/sites\/2\/2025\/08\/IMG_2870-500x500.jpg\" alt=\"\" width=\"365\" height=\"365\" srcset=\"https:\/\/reha-flex.de\/wp-content\/uploads\/sites\/2\/2025\/08\/IMG_2870-500x500.jpg 500w, https:\/\/reha-flex.de\/wp-content\/uploads\/sites\/2\/2025\/08\/IMG_2870-150x150.jpg 150w, https:\/\/reha-flex.de\/wp-content\/uploads\/sites\/2\/2025\/08\/IMG_2870-65x65.jpg 65w\" sizes=\"auto, (max-width: 365px) 100vw, 365px\" \/>\u00a0 \u00a0 \u00a0<img loading=\"lazy\" decoding=\"async\" class=\"alignnone wp-image-2103\" src=\"http:\/\/reha-flex.de\/wp-content\/uploads\/sites\/2\/2025\/08\/Sommerfest-beachvolleyball-500x500.jpg\" alt=\"Das team von reha FLEX spielt Beachvolleyball auf dem Parkgel\u00e4nde der Klinik\" width=\"365\" height=\"365\" srcset=\"https:\/\/reha-flex.de\/wp-content\/uploads\/sites\/2\/2025\/08\/Sommerfest-beachvolleyball-500x500.jpg 500w, https:\/\/reha-flex.de\/wp-content\/uploads\/sites\/2\/2025\/08\/Sommerfest-beachvolleyball-150x150.jpg 150w, https:\/\/reha-flex.de\/wp-content\/uploads\/sites\/2\/2025\/08\/Sommerfest-beachvolleyball-65x65.jpg 65w\" sizes=\"auto, (max-width: 365px) 100vw, 365px\" \/>\u00a0 \u00a0 \u00a0<img loading=\"lazy\" decoding=\"async\" class=\"alignnone wp-image-2109\" src=\"http:\/\/reha-flex.de\/wp-content\/uploads\/sites\/2\/2025\/08\/IMG_2898-500x500.jpg\" alt=\"\" width=\"365\" height=\"365\" srcset=\"https:\/\/reha-flex.de\/wp-content\/uploads\/sites\/2\/2025\/08\/IMG_2898-500x500.jpg 500w, https:\/\/reha-flex.de\/wp-content\/uploads\/sites\/2\/2025\/08\/IMG_2898-150x150.jpg 150w, https:\/\/reha-flex.de\/wp-content\/uploads\/sites\/2\/2025\/08\/IMG_2898-65x65.jpg 65w\" sizes=\"auto, (max-width: 365px) 100vw, 365px\" \/><\/p>\n<p><img loading=\"lazy\" decoding=\"async\" class=\"alignnone wp-image-2110\" src=\"http:\/\/reha-flex.de\/wp-content\/uploads\/sites\/2\/2025\/08\/IMG_2902_neu-500x500.jpg\" alt=\"\" width=\"365\" height=\"365\" srcset=\"https:\/\/reha-flex.de\/wp-content\/uploads\/sites\/2\/2025\/08\/IMG_2902_neu-500x500.jpg 500w, https:\/\/reha-flex.de\/wp-content\/uploads\/sites\/2\/2025\/08\/IMG_2902_neu-150x150.jpg 150w, https:\/\/reha-flex.de\/wp-content\/uploads\/sites\/2\/2025\/08\/IMG_2902_neu-65x65.jpg 65w\" sizes=\"auto, (max-width: 365px) 100vw, 365px\" \/>\u00a0 \u00a0 \u00a0<img loading=\"lazy\" decoding=\"async\" class=\"alignnone wp-image-2111\" src=\"http:\/\/reha-flex.de\/wp-content\/uploads\/sites\/2\/2025\/08\/IMG_2911-500x500.jpg\" alt=\"\" width=\"365\" height=\"365\" srcset=\"https:\/\/reha-flex.de\/wp-content\/uploads\/sites\/2\/2025\/08\/IMG_2911-500x500.jpg 500w, https:\/\/reha-flex.de\/wp-content\/uploads\/sites\/2\/2025\/08\/IMG_2911-150x150.jpg 150w, https:\/\/reha-flex.de\/wp-content\/uploads\/sites\/2\/2025\/08\/IMG_2911-65x65.jpg 65w\" sizes=\"auto, (max-width: 365px) 100vw, 365px\" \/>\u00a0 \u00a0 \u00a0<img loading=\"lazy\" decoding=\"async\" class=\"alignnone wp-image-2112\" src=\"http:\/\/reha-flex.de\/wp-content\/uploads\/sites\/2\/2025\/08\/IMG_2912-500x500.jpg\" alt=\"\" width=\"365\" height=\"365\" srcset=\"https:\/\/reha-flex.de\/wp-content\/uploads\/sites\/2\/2025\/08\/IMG_2912-500x500.jpg 500w, https:\/\/reha-flex.de\/wp-content\/uploads\/sites\/2\/2025\/08\/IMG_2912-150x150.jpg 150w, https:\/\/reha-flex.de\/wp-content\/uploads\/sites\/2\/2025\/08\/IMG_2912-65x65.jpg 65w\" sizes=\"auto, (max-width: 365px) 100vw, 365px\" \/><\/p>\n<div dir=\"auto\"><\/div>\n<div dir=\"auto\"><\/div>\n<div dir=\"auto\"><\/div>\n","protected":false},"excerpt":{"rendered":"<p>Trotz des nicht ganz so sommerlichem Wetters haben wir unser diesj\u00e4hriges Sommerfest in vollen Z\u00fcgen genossen! Es gab es jede Menge Leckereien: von frisch zubereiteten Speisen aus dem Foodtruck der Harzer Blasenwurst bis hin zu selbstgemachten Salaten und Kuchen. F\u00fcr Bewegung und Spa\u00df war nat\u00fcrlich auch gesorgt \u2013 beim Tischtennis und Beachvolleyball im Park unserer&#8230;<\/p>\n","protected":false},"author":2,"featured_media":2103,"comment_status":"closed","ping_status":"open","sticky":false,"template":"","format":"standard","meta":{"footnotes":""},"categories":[3],"tags":[30,28,29,31,32],"class_list":["post-2101","post","type-post","status-publish","format-standard","has-post-thumbnail","hentry","category-aktuelles","tag-beachvolleyball","tag-firmenlauf","tag-halle","tag-nietleben","tag-sieger"],"yoast_head":"<!-- This site is optimized with the Yoast SEO plugin v26.9 - https:\/\/yoast.com\/product\/yoast-seo-wordpress\/ -->\n<title>Unser Sommerfest am 22.08.2025 - Saline Rehabilitationsklinik Halle (Saale)<\/title>\n<meta name=\"description\" content=\"Absolut erfolgreicher Abschluss der Sportwoche f\u00fcr reha FLEX - 1. Platz \ud83c\udfc6 beim Beachvolleyball in Nietleben!Gratulation an alle, danke f\u00fcr die perfekte Organisation und nat\u00fcrlich an die zahlreichen eigenen Fans aber auch f\u00fcr den Fan-Support der Deutschen Post \ud83c\udfe4\" \/>\n<meta name=\"robots\" content=\"index, follow, max-snippet:-1, max-image-preview:large, max-video-preview:-1\" \/>\n<link rel=\"canonical\" href=\"https:\/\/reha-flex.de\/saline-rehabilitationsklinik-halle-saale\/sommerfest-bei-reha-flex-am-22-08-2025\/\" \/>\n<meta property=\"og:locale\" content=\"de_DE\" \/>\n<meta property=\"og:type\" content=\"article\" \/>\n<meta property=\"og:title\" content=\"Unser Sommerfest am 22.08.2025 - Saline Rehabilitationsklinik Halle (Saale)\" \/>\n<meta property=\"og:description\" content=\"Absolut erfolgreicher Abschluss der Sportwoche f\u00fcr reha FLEX - 1. Platz \ud83c\udfc6 beim Beachvolleyball in Nietleben!Gratulation an alle, danke f\u00fcr die perfekte Organisation und nat\u00fcrlich an die zahlreichen eigenen Fans aber auch f\u00fcr den Fan-Support der Deutschen Post \ud83c\udfe4\" \/>\n<meta property=\"og:url\" content=\"https:\/\/reha-flex.de\/saline-rehabilitationsklinik-halle-saale\/sommerfest-bei-reha-flex-am-22-08-2025\/\" \/>\n<meta property=\"og:site_name\" content=\"Saline Rehabilitationsklinik Halle (Saale)\" \/>\n<meta property=\"article:published_time\" content=\"2025-08-27T14:24:59+00:00\" \/>\n<meta property=\"article:modified_time\" content=\"2025-08-27T14:27:35+00:00\" \/>\n<meta property=\"og:image\" content=\"http:\/\/reha-flex.de\/wp-content\/uploads\/sites\/2\/2025\/08\/Sommerfest-beachvolleyball.jpg\" \/>\n\t<meta property=\"og:image:width\" content=\"1920\" \/>\n\t<meta property=\"og:image:height\" content=\"1080\" \/>\n\t<meta property=\"og:image:type\" content=\"image\/jpeg\" \/>\n<meta name=\"author\" content=\"chwalek\" \/>\n<meta name=\"twitter:card\" content=\"summary_large_image\" \/>\n<meta name=\"twitter:label1\" content=\"Geschrieben von\" \/>\n\t<meta name=\"twitter:data1\" content=\"chwalek\" \/>\n\t<meta name=\"twitter:label2\" content=\"Gesch\u00e4tzte Lesezeit\" \/>\n\t<meta name=\"twitter:data2\" content=\"3\u00a0Minuten\" \/>\n<script type=\"application\/ld+json\" class=\"yoast-schema-graph\">{\"@context\":\"https:\/\/schema.org\",\"@graph\":[{\"@type\":\"Article\",\"@id\":\"https:\/\/reha-flex.de\/saline-rehabilitationsklinik-halle-saale\/sommerfest-bei-reha-flex-am-22-08-2025\/#article\",\"isPartOf\":{\"@id\":\"https:\/\/reha-flex.de\/saline-rehabilitationsklinik-halle-saale\/sommerfest-bei-reha-flex-am-22-08-2025\/\"},\"author\":{\"name\":\"chwalek\",\"@id\":\"https:\/\/reha-flex.de\/saline-rehabilitationsklinik-halle-saale\/#\/schema\/person\/e859ea7c6762b2efe3bd9d30509b4333\"},\"headline\":\"Unser Sommerfest am 22.08.2025\",\"datePublished\":\"2025-08-27T14:24:59+00:00\",\"dateModified\":\"2025-08-27T14:27:35+00:00\",\"mainEntityOfPage\":{\"@id\":\"https:\/\/reha-flex.de\/saline-rehabilitationsklinik-halle-saale\/sommerfest-bei-reha-flex-am-22-08-2025\/\"},\"wordCount\":91,\"image\":{\"@id\":\"https:\/\/reha-flex.de\/saline-rehabilitationsklinik-halle-saale\/sommerfest-bei-reha-flex-am-22-08-2025\/#primaryimage\"},\"thumbnailUrl\":\"https:\/\/reha-flex.de\/wp-content\/uploads\/sites\/2\/2025\/08\/Sommerfest-beachvolleyball.jpg\",\"keywords\":[\"Beachvolleyball\",\"Firmenlauf\",\"Halle\",\"Nietleben\",\"Sieger\"],\"articleSection\":[\"Aktuelles\"],\"inLanguage\":\"de\"},{\"@type\":\"WebPage\",\"@id\":\"https:\/\/reha-flex.de\/saline-rehabilitationsklinik-halle-saale\/sommerfest-bei-reha-flex-am-22-08-2025\/\",\"url\":\"https:\/\/reha-flex.de\/saline-rehabilitationsklinik-halle-saale\/sommerfest-bei-reha-flex-am-22-08-2025\/\",\"name\":\"Unser Sommerfest am 22.08.2025 - Saline Rehabilitationsklinik Halle (Saale)\",\"isPartOf\":{\"@id\":\"https:\/\/reha-flex.de\/saline-rehabilitationsklinik-halle-saale\/#website\"},\"primaryImageOfPage\":{\"@id\":\"https:\/\/reha-flex.de\/saline-rehabilitationsklinik-halle-saale\/sommerfest-bei-reha-flex-am-22-08-2025\/#primaryimage\"},\"image\":{\"@id\":\"https:\/\/reha-flex.de\/saline-rehabilitationsklinik-halle-saale\/sommerfest-bei-reha-flex-am-22-08-2025\/#primaryimage\"},\"thumbnailUrl\":\"https:\/\/reha-flex.de\/wp-content\/uploads\/sites\/2\/2025\/08\/Sommerfest-beachvolleyball.jpg\",\"datePublished\":\"2025-08-27T14:24:59+00:00\",\"dateModified\":\"2025-08-27T14:27:35+00:00\",\"author\":{\"@id\":\"https:\/\/reha-flex.de\/saline-rehabilitationsklinik-halle-saale\/#\/schema\/person\/e859ea7c6762b2efe3bd9d30509b4333\"},\"description\":\"Absolut erfolgreicher Abschluss der Sportwoche f\u00fcr reha FLEX - 1. Platz \ud83c\udfc6 beim Beachvolleyball in Nietleben!Gratulation an alle, danke f\u00fcr die perfekte Organisation und nat\u00fcrlich an die zahlreichen eigenen Fans aber auch f\u00fcr den Fan-Support der Deutschen Post \ud83c\udfe4\",\"breadcrumb\":{\"@id\":\"https:\/\/reha-flex.de\/saline-rehabilitationsklinik-halle-saale\/sommerfest-bei-reha-flex-am-22-08-2025\/#breadcrumb\"},\"inLanguage\":\"de\",\"potentialAction\":[{\"@type\":\"ReadAction\",\"target\":[\"https:\/\/reha-flex.de\/saline-rehabilitationsklinik-halle-saale\/sommerfest-bei-reha-flex-am-22-08-2025\/\"]}]},{\"@type\":\"ImageObject\",\"inLanguage\":\"de\",\"@id\":\"https:\/\/reha-flex.de\/saline-rehabilitationsklinik-halle-saale\/sommerfest-bei-reha-flex-am-22-08-2025\/#primaryimage\",\"url\":\"https:\/\/reha-flex.de\/wp-content\/uploads\/sites\/2\/2025\/08\/Sommerfest-beachvolleyball.jpg\",\"contentUrl\":\"https:\/\/reha-flex.de\/wp-content\/uploads\/sites\/2\/2025\/08\/Sommerfest-beachvolleyball.jpg\",\"width\":1920,\"height\":1080,\"caption\":\"Das team von reha FLEX spielt Beachvolleyball auf dem Parkgel\u00e4nde der Klinik\"},{\"@type\":\"BreadcrumbList\",\"@id\":\"https:\/\/reha-flex.de\/saline-rehabilitationsklinik-halle-saale\/sommerfest-bei-reha-flex-am-22-08-2025\/#breadcrumb\",\"itemListElement\":[{\"@type\":\"ListItem\",\"position\":1,\"name\":\"Startseite\",\"item\":\"https:\/\/reha-flex.de\/saline-rehabilitationsklinik-halle-saale\/\"},{\"@type\":\"ListItem\",\"position\":2,\"name\":\"Unser Sommerfest am 22.08.2025\"}]},{\"@type\":\"WebSite\",\"@id\":\"https:\/\/reha-flex.de\/saline-rehabilitationsklinik-halle-saale\/#website\",\"url\":\"https:\/\/reha-flex.de\/saline-rehabilitationsklinik-halle-saale\/\",\"name\":\"Saline Rehabilitationsklinik Halle (Saale)\",\"description\":\"\",\"potentialAction\":[{\"@type\":\"SearchAction\",\"target\":{\"@type\":\"EntryPoint\",\"urlTemplate\":\"https:\/\/reha-flex.de\/saline-rehabilitationsklinik-halle-saale\/?s={search_term_string}\"},\"query-input\":{\"@type\":\"PropertyValueSpecification\",\"valueRequired\":true,\"valueName\":\"search_term_string\"}}],\"inLanguage\":\"de\"},{\"@type\":\"Person\",\"@id\":\"https:\/\/reha-flex.de\/saline-rehabilitationsklinik-halle-saale\/#\/schema\/person\/e859ea7c6762b2efe3bd9d30509b4333\",\"name\":\"chwalek\",\"url\":\"https:\/\/reha-flex.de\/saline-rehabilitationsklinik-halle-saale\/author\/chwalek\/\"}]}<\/script>\n<!-- \/ Yoast SEO plugin. -->","yoast_head_json":{"title":"Unser Sommerfest am 22.08.2025 - Saline Rehabilitationsklinik Halle (Saale)","description":"Absolut erfolgreicher Abschluss der Sportwoche f\u00fcr reha FLEX - 1. Platz \ud83c\udfc6 beim Beachvolleyball in Nietleben!Gratulation an alle, danke f\u00fcr die perfekte Organisation und nat\u00fcrlich an die zahlreichen eigenen Fans aber auch f\u00fcr den Fan-Support der Deutschen Post \ud83c\udfe4","robots":{"index":"index","follow":"follow","max-snippet":"max-snippet:-1","max-image-preview":"max-image-preview:large","max-video-preview":"max-video-preview:-1"},"canonical":"https:\/\/reha-flex.de\/saline-rehabilitationsklinik-halle-saale\/sommerfest-bei-reha-flex-am-22-08-2025\/","og_locale":"de_DE","og_type":"article","og_title":"Unser Sommerfest am 22.08.2025 - Saline Rehabilitationsklinik Halle (Saale)","og_description":"Absolut erfolgreicher Abschluss der Sportwoche f\u00fcr reha FLEX - 1. Platz \ud83c\udfc6 beim Beachvolleyball in Nietleben!Gratulation an alle, danke f\u00fcr die perfekte Organisation und nat\u00fcrlich an die zahlreichen eigenen Fans aber auch f\u00fcr den Fan-Support der Deutschen Post \ud83c\udfe4","og_url":"https:\/\/reha-flex.de\/saline-rehabilitationsklinik-halle-saale\/sommerfest-bei-reha-flex-am-22-08-2025\/","og_site_name":"Saline Rehabilitationsklinik Halle (Saale)","article_published_time":"2025-08-27T14:24:59+00:00","article_modified_time":"2025-08-27T14:27:35+00:00","og_image":[{"width":1920,"height":1080,"url":"http:\/\/reha-flex.de\/wp-content\/uploads\/sites\/2\/2025\/08\/Sommerfest-beachvolleyball.jpg","type":"image\/jpeg"}],"author":"chwalek","twitter_card":"summary_large_image","twitter_misc":{"Geschrieben von":"chwalek","Gesch\u00e4tzte Lesezeit":"3\u00a0Minuten"},"schema":{"@context":"https:\/\/schema.org","@graph":[{"@type":"Article","@id":"https:\/\/reha-flex.de\/saline-rehabilitationsklinik-halle-saale\/sommerfest-bei-reha-flex-am-22-08-2025\/#article","isPartOf":{"@id":"https:\/\/reha-flex.de\/saline-rehabilitationsklinik-halle-saale\/sommerfest-bei-reha-flex-am-22-08-2025\/"},"author":{"name":"chwalek","@id":"https:\/\/reha-flex.de\/saline-rehabilitationsklinik-halle-saale\/#\/schema\/person\/e859ea7c6762b2efe3bd9d30509b4333"},"headline":"Unser Sommerfest am 22.08.2025","datePublished":"2025-08-27T14:24:59+00:00","dateModified":"2025-08-27T14:27:35+00:00","mainEntityOfPage":{"@id":"https:\/\/reha-flex.de\/saline-rehabilitationsklinik-halle-saale\/sommerfest-bei-reha-flex-am-22-08-2025\/"},"wordCount":91,"image":{"@id":"https:\/\/reha-flex.de\/saline-rehabilitationsklinik-halle-saale\/sommerfest-bei-reha-flex-am-22-08-2025\/#primaryimage"},"thumbnailUrl":"https:\/\/reha-flex.de\/wp-content\/uploads\/sites\/2\/2025\/08\/Sommerfest-beachvolleyball.jpg","keywords":["Beachvolleyball","Firmenlauf","Halle","Nietleben","Sieger"],"articleSection":["Aktuelles"],"inLanguage":"de"},{"@type":"WebPage","@id":"https:\/\/reha-flex.de\/saline-rehabilitationsklinik-halle-saale\/sommerfest-bei-reha-flex-am-22-08-2025\/","url":"https:\/\/reha-flex.de\/saline-rehabilitationsklinik-halle-saale\/sommerfest-bei-reha-flex-am-22-08-2025\/","name":"Unser Sommerfest am 22.08.2025 - Saline Rehabilitationsklinik Halle (Saale)","isPartOf":{"@id":"https:\/\/reha-flex.de\/saline-rehabilitationsklinik-halle-saale\/#website"},"primaryImageOfPage":{"@id":"https:\/\/reha-flex.de\/saline-rehabilitationsklinik-halle-saale\/sommerfest-bei-reha-flex-am-22-08-2025\/#primaryimage"},"image":{"@id":"https:\/\/reha-flex.de\/saline-rehabilitationsklinik-halle-saale\/sommerfest-bei-reha-flex-am-22-08-2025\/#primaryimage"},"thumbnailUrl":"https:\/\/reha-flex.de\/wp-content\/uploads\/sites\/2\/2025\/08\/Sommerfest-beachvolleyball.jpg","datePublished":"2025-08-27T14:24:59+00:00","dateModified":"2025-08-27T14:27:35+00:00","author":{"@id":"https:\/\/reha-flex.de\/saline-rehabilitationsklinik-halle-saale\/#\/schema\/person\/e859ea7c6762b2efe3bd9d30509b4333"},"description":"Absolut erfolgreicher Abschluss der Sportwoche f\u00fcr reha FLEX - 1. Platz \ud83c\udfc6 beim Beachvolleyball in Nietleben!Gratulation an alle, danke f\u00fcr die perfekte Organisation und nat\u00fcrlich an die zahlreichen eigenen Fans aber auch f\u00fcr den Fan-Support der Deutschen Post \ud83c\udfe4","breadcrumb":{"@id":"https:\/\/reha-flex.de\/saline-rehabilitationsklinik-halle-saale\/sommerfest-bei-reha-flex-am-22-08-2025\/#breadcrumb"},"inLanguage":"de","potentialAction":[{"@type":"ReadAction","target":["https:\/\/reha-flex.de\/saline-rehabilitationsklinik-halle-saale\/sommerfest-bei-reha-flex-am-22-08-2025\/"]}]},{"@type":"ImageObject","inLanguage":"de","@id":"https:\/\/reha-flex.de\/saline-rehabilitationsklinik-halle-saale\/sommerfest-bei-reha-flex-am-22-08-2025\/#primaryimage","url":"https:\/\/reha-flex.de\/wp-content\/uploads\/sites\/2\/2025\/08\/Sommerfest-beachvolleyball.jpg","contentUrl":"https:\/\/reha-flex.de\/wp-content\/uploads\/sites\/2\/2025\/08\/Sommerfest-beachvolleyball.jpg","width":1920,"height":1080,"caption":"Das team von reha FLEX spielt Beachvolleyball auf dem Parkgel\u00e4nde der Klinik"},{"@type":"BreadcrumbList","@id":"https:\/\/reha-flex.de\/saline-rehabilitationsklinik-halle-saale\/sommerfest-bei-reha-flex-am-22-08-2025\/#breadcrumb","itemListElement":[{"@type":"ListItem","position":1,"name":"Startseite","item":"https:\/\/reha-flex.de\/saline-rehabilitationsklinik-halle-saale\/"},{"@type":"ListItem","position":2,"name":"Unser Sommerfest am 22.08.2025"}]},{"@type":"WebSite","@id":"https:\/\/reha-flex.de\/saline-rehabilitationsklinik-halle-saale\/#website","url":"https:\/\/reha-flex.de\/saline-rehabilitationsklinik-halle-saale\/","name":"Saline Rehabilitationsklinik Halle (Saale)","description":"","potentialAction":[{"@type":"SearchAction","target":{"@type":"EntryPoint","urlTemplate":"https:\/\/reha-flex.de\/saline-rehabilitationsklinik-halle-saale\/?s={search_term_string}"},"query-input":{"@type":"PropertyValueSpecification","valueRequired":true,"valueName":"search_term_string"}}],"inLanguage":"de"},{"@type":"Person","@id":"https:\/\/reha-flex.de\/saline-rehabilitationsklinik-halle-saale\/#\/schema\/person\/e859ea7c6762b2efe3bd9d30509b4333","name":"chwalek","url":"https:\/\/reha-flex.de\/saline-rehabilitationsklinik-halle-saale\/author\/chwalek\/"}]}},"_links":{"self":[{"href":"https:\/\/reha-flex.de\/saline-rehabilitationsklinik-halle-saale\/wp-json\/wp\/v2\/posts\/2101","targetHints":{"allow":["GET"]}}],"collection":[{"href":"https:\/\/reha-flex.de\/saline-rehabilitationsklinik-halle-saale\/wp-json\/wp\/v2\/posts"}],"about":[{"href":"https:\/\/reha-flex.de\/saline-rehabilitationsklinik-halle-saale\/wp-json\/wp\/v2\/types\/post"}],"author":[{"embeddable":true,"href":"https:\/\/reha-flex.de\/saline-rehabilitationsklinik-halle-saale\/wp-json\/wp\/v2\/users\/2"}],"replies":[{"embeddable":true,"href":"https:\/\/reha-flex.de\/saline-rehabilitationsklinik-halle-saale\/wp-json\/wp\/v2\/comments?post=2101"}],"version-history":[{"count":13,"href":"https:\/\/reha-flex.de\/saline-rehabilitationsklinik-halle-saale\/wp-json\/wp\/v2\/posts\/2101\/revisions"}],"predecessor-version":[{"id":2124,"href":"https:\/\/reha-flex.de\/saline-rehabilitationsklinik-halle-saale\/wp-json\/wp\/v2\/posts\/2101\/revisions\/2124"}],"wp:featuredmedia":[{"embeddable":true,"href":"https:\/\/reha-flex.de\/saline-rehabilitationsklinik-halle-saale\/wp-json\/wp\/v2\/media\/2103"}],"wp:attachment":[{"href":"https:\/\/reha-flex.de\/saline-rehabilitationsklinik-halle-saale\/wp-json\/wp\/v2\/media?parent=2101"}],"wp:term":[{"taxonomy":"category","embeddable":true,"href":"https:\/\/reha-flex.de\/saline-rehabilitationsklinik-halle-saale\/wp-json\/wp\/v2\/categories?post=2101"},{"taxonomy":"post_tag","embeddable":true,"href":"https:\/\/reha-flex.de\/saline-rehabilitationsklinik-halle-saale\/wp-json\/wp\/v2\/tags?post=2101"}],"curies":[{"name":"wp","href":"https:\/\/api.w.org\/{rel}","templated":true}]}}