{"id":2175,"date":"2025-11-25T12:56:33","date_gmt":"2025-11-25T11:56:33","guid":{"rendered":"https:\/\/reha-flex.de\/saline-rehabilitationsklinik-halle-saale\/?p=2175"},"modified":"2025-12-28T12:57:14","modified_gmt":"2025-12-28T11:57:14","slug":"neue-ausgabe-unseres-patienten-magazins-erschienen-nr-59","status":"publish","type":"post","link":"https:\/\/reha-flex.de\/saline-rehabilitationsklinik-halle-saale\/neue-ausgabe-unseres-patienten-magazins-erschienen-nr-59\/","title":{"rendered":"Neue Ausgabe unseres Patienten-Magazins erschienen (Nr. 59)"},"content":{"rendered":"<p>Liebe Leserinnen, liebe Leser,<\/p>\n<p class=\"p1\">der Sommer brachte nicht nur Sonne, sondern auch Herausforderungen: Gesundheitsministerin Britta M\u00fcller mahnt Unternehmen zu mehr Hitzeschutz. \u201eHitzeschutz am Arbeitsplatz ist verpflichtend&#8220;, betont sie. In unserer Reha-Klinik nehmen wir das ernst \u2013 f\u00fcr Patienten und Team gleicherma\u00dfen, damit die Rehabilitation und die Arbeit ungest\u00f6rt von Hitze verl\u00e4uft.<\/p>\n<p class=\"p1\">Im November kann man schon auf ein fast zur\u00fcckliegendes Jahr zur\u00fcckschauen. Wir hatten ein anstrengendes, interessantes und sehr gutes \u00dcbergangsjahr.<\/p>\n<p class=\"p1\">Anstrengendes, weil wir zu den normalen t\u00e4glichen Herausforderungen zus\u00e4tzlich eine selbst gew\u00e4hlte Baustelle (neuer Bodenbelag im 1. OG) hatten. Interessantes, weil viele neue motivierte und inspirierende Mitarbeiter zu uns gesto\u00dfen sind. Sehr gutes, weil wir alle Herausforderungen gemeinsam gemeistert haben. \u00dcbergangsjahr, weil wir erstmals seit Bestehen von reha FLEX ohne Chefarzt Lutz Hartig die Herausforderungen meistern mussten.<\/p>\n<p class=\"p1\">Wir w\u00fcnschen eine inspirierende Lekt\u00fcre!<\/p>\n<p>Axel Witt, Gesch\u00e4ftsf\u00fchrer der reha FLEX Saline Rehabilitationsklinik im Herzen der Saalestadt<\/p>\n<p>&nbsp;<\/p>\n","protected":false},"excerpt":{"rendered":"<p>Liebe Leserinnen, liebe Leser, der Sommer brachte nicht nur Sonne, sondern auch Herausforderungen: Gesundheitsministerin Britta M\u00fcller mahnt Unternehmen zu mehr Hitzeschutz. \u201eHitzeschutz am Arbeitsplatz ist verpflichtend&#8220;, betont sie. In unserer Reha-Klinik nehmen wir das ernst \u2013 f\u00fcr Patienten und Team gleicherma\u00dfen, damit die Rehabilitation und die Arbeit ungest\u00f6rt von Hitze verl\u00e4uft. Im November kann man&#8230;<\/p>\n","protected":false},"author":2,"featured_media":2176,"comment_status":"closed","ping_status":"open","sticky":false,"template":"","format":"standard","meta":{"footnotes":""},"categories":[3],"tags":[],"class_list":["post-2175","post","type-post","status-publish","format-standard","has-post-thumbnail","hentry","category-aktuelles"],"yoast_head":"<!-- This site is optimized with the Yoast SEO plugin v26.9 - https:\/\/yoast.com\/product\/yoast-seo-wordpress\/ -->\n<title>Neue Ausgabe unseres Patienten-Magazins erschienen (Nr. 59) - Saline Rehabilitationsklinik Halle (Saale)<\/title>\n<meta name=\"robots\" content=\"index, follow, max-snippet:-1, max-image-preview:large, max-video-preview:-1\" \/>\n<link rel=\"canonical\" href=\"https:\/\/reha-flex.de\/saline-rehabilitationsklinik-halle-saale\/neue-ausgabe-unseres-patienten-magazins-erschienen-nr-59\/\" \/>\n<meta property=\"og:locale\" content=\"de_DE\" \/>\n<meta property=\"og:type\" content=\"article\" \/>\n<meta property=\"og:title\" content=\"Neue Ausgabe unseres Patienten-Magazins erschienen (Nr. 59) - Saline Rehabilitationsklinik Halle (Saale)\" \/>\n<meta property=\"og:description\" content=\"Liebe Leserinnen, liebe Leser, der Sommer brachte nicht nur Sonne, sondern auch Herausforderungen: Gesundheitsministerin Britta M\u00fcller mahnt Unternehmen zu mehr Hitzeschutz. \u201eHitzeschutz am Arbeitsplatz ist verpflichtend&#8220;, betont sie. In unserer Reha-Klinik nehmen wir das ernst \u2013 f\u00fcr Patienten und Team gleicherma\u00dfen, damit die Rehabilitation und die Arbeit ungest\u00f6rt von Hitze verl\u00e4uft. Im November kann man...\" \/>\n<meta property=\"og:url\" content=\"https:\/\/reha-flex.de\/saline-rehabilitationsklinik-halle-saale\/neue-ausgabe-unseres-patienten-magazins-erschienen-nr-59\/\" \/>\n<meta property=\"og:site_name\" content=\"Saline Rehabilitationsklinik Halle (Saale)\" \/>\n<meta property=\"article:published_time\" content=\"2025-11-25T11:56:33+00:00\" \/>\n<meta property=\"article:modified_time\" content=\"2025-12-28T11:57:14+00:00\" \/>\n<meta property=\"og:image\" content=\"http:\/\/reha-flex.de\/wp-content\/uploads\/sites\/2\/2025\/12\/PM_59.jpg\" \/>\n\t<meta property=\"og:image:width\" content=\"1920\" \/>\n\t<meta property=\"og:image:height\" content=\"1080\" \/>\n\t<meta property=\"og:image:type\" content=\"image\/jpeg\" \/>\n<meta name=\"author\" content=\"chwalek\" \/>\n<meta name=\"twitter:card\" content=\"summary_large_image\" \/>\n<meta name=\"twitter:label1\" content=\"Geschrieben von\" \/>\n\t<meta name=\"twitter:data1\" content=\"chwalek\" \/>\n\t<meta name=\"twitter:label2\" content=\"Gesch\u00e4tzte Lesezeit\" \/>\n\t<meta name=\"twitter:data2\" content=\"2\u00a0Minuten\" \/>\n<script type=\"application\/ld+json\" class=\"yoast-schema-graph\">{\"@context\":\"https:\/\/schema.org\",\"@graph\":[{\"@type\":\"Article\",\"@id\":\"https:\/\/reha-flex.de\/saline-rehabilitationsklinik-halle-saale\/neue-ausgabe-unseres-patienten-magazins-erschienen-nr-59\/#article\",\"isPartOf\":{\"@id\":\"https:\/\/reha-flex.de\/saline-rehabilitationsklinik-halle-saale\/neue-ausgabe-unseres-patienten-magazins-erschienen-nr-59\/\"},\"author\":{\"name\":\"chwalek\",\"@id\":\"https:\/\/reha-flex.de\/saline-rehabilitationsklinik-halle-saale\/#\/schema\/person\/e859ea7c6762b2efe3bd9d30509b4333\"},\"headline\":\"Neue Ausgabe unseres Patienten-Magazins erschienen (Nr. 59)\",\"datePublished\":\"2025-11-25T11:56:33+00:00\",\"dateModified\":\"2025-12-28T11:57:14+00:00\",\"mainEntityOfPage\":{\"@id\":\"https:\/\/reha-flex.de\/saline-rehabilitationsklinik-halle-saale\/neue-ausgabe-unseres-patienten-magazins-erschienen-nr-59\/\"},\"wordCount\":165,\"image\":{\"@id\":\"https:\/\/reha-flex.de\/saline-rehabilitationsklinik-halle-saale\/neue-ausgabe-unseres-patienten-magazins-erschienen-nr-59\/#primaryimage\"},\"thumbnailUrl\":\"https:\/\/reha-flex.de\/wp-content\/uploads\/sites\/2\/2025\/12\/PM_59.jpg\",\"articleSection\":[\"Aktuelles\"],\"inLanguage\":\"de\"},{\"@type\":\"WebPage\",\"@id\":\"https:\/\/reha-flex.de\/saline-rehabilitationsklinik-halle-saale\/neue-ausgabe-unseres-patienten-magazins-erschienen-nr-59\/\",\"url\":\"https:\/\/reha-flex.de\/saline-rehabilitationsklinik-halle-saale\/neue-ausgabe-unseres-patienten-magazins-erschienen-nr-59\/\",\"name\":\"Neue Ausgabe unseres Patienten-Magazins erschienen (Nr. 59) - Saline Rehabilitationsklinik Halle (Saale)\",\"isPartOf\":{\"@id\":\"https:\/\/reha-flex.de\/saline-rehabilitationsklinik-halle-saale\/#website\"},\"primaryImageOfPage\":{\"@id\":\"https:\/\/reha-flex.de\/saline-rehabilitationsklinik-halle-saale\/neue-ausgabe-unseres-patienten-magazins-erschienen-nr-59\/#primaryimage\"},\"image\":{\"@id\":\"https:\/\/reha-flex.de\/saline-rehabilitationsklinik-halle-saale\/neue-ausgabe-unseres-patienten-magazins-erschienen-nr-59\/#primaryimage\"},\"thumbnailUrl\":\"https:\/\/reha-flex.de\/wp-content\/uploads\/sites\/2\/2025\/12\/PM_59.jpg\",\"datePublished\":\"2025-11-25T11:56:33+00:00\",\"dateModified\":\"2025-12-28T11:57:14+00:00\",\"author\":{\"@id\":\"https:\/\/reha-flex.de\/saline-rehabilitationsklinik-halle-saale\/#\/schema\/person\/e859ea7c6762b2efe3bd9d30509b4333\"},\"breadcrumb\":{\"@id\":\"https:\/\/reha-flex.de\/saline-rehabilitationsklinik-halle-saale\/neue-ausgabe-unseres-patienten-magazins-erschienen-nr-59\/#breadcrumb\"},\"inLanguage\":\"de\",\"potentialAction\":[{\"@type\":\"ReadAction\",\"target\":[\"https:\/\/reha-flex.de\/saline-rehabilitationsklinik-halle-saale\/neue-ausgabe-unseres-patienten-magazins-erschienen-nr-59\/\"]}]},{\"@type\":\"ImageObject\",\"inLanguage\":\"de\",\"@id\":\"https:\/\/reha-flex.de\/saline-rehabilitationsklinik-halle-saale\/neue-ausgabe-unseres-patienten-magazins-erschienen-nr-59\/#primaryimage\",\"url\":\"https:\/\/reha-flex.de\/wp-content\/uploads\/sites\/2\/2025\/12\/PM_59.jpg\",\"contentUrl\":\"https:\/\/reha-flex.de\/wp-content\/uploads\/sites\/2\/2025\/12\/PM_59.jpg\",\"width\":1920,\"height\":1080},{\"@type\":\"BreadcrumbList\",\"@id\":\"https:\/\/reha-flex.de\/saline-rehabilitationsklinik-halle-saale\/neue-ausgabe-unseres-patienten-magazins-erschienen-nr-59\/#breadcrumb\",\"itemListElement\":[{\"@type\":\"ListItem\",\"position\":1,\"name\":\"Startseite\",\"item\":\"https:\/\/reha-flex.de\/saline-rehabilitationsklinik-halle-saale\/\"},{\"@type\":\"ListItem\",\"position\":2,\"name\":\"Neue Ausgabe unseres Patienten-Magazins erschienen (Nr. 59)\"}]},{\"@type\":\"WebSite\",\"@id\":\"https:\/\/reha-flex.de\/saline-rehabilitationsklinik-halle-saale\/#website\",\"url\":\"https:\/\/reha-flex.de\/saline-rehabilitationsklinik-halle-saale\/\",\"name\":\"Saline Rehabilitationsklinik Halle (Saale)\",\"description\":\"\",\"potentialAction\":[{\"@type\":\"SearchAction\",\"target\":{\"@type\":\"EntryPoint\",\"urlTemplate\":\"https:\/\/reha-flex.de\/saline-rehabilitationsklinik-halle-saale\/?s={search_term_string}\"},\"query-input\":{\"@type\":\"PropertyValueSpecification\",\"valueRequired\":true,\"valueName\":\"search_term_string\"}}],\"inLanguage\":\"de\"},{\"@type\":\"Person\",\"@id\":\"https:\/\/reha-flex.de\/saline-rehabilitationsklinik-halle-saale\/#\/schema\/person\/e859ea7c6762b2efe3bd9d30509b4333\",\"name\":\"chwalek\",\"url\":\"https:\/\/reha-flex.de\/saline-rehabilitationsklinik-halle-saale\/author\/chwalek\/\"}]}<\/script>\n<!-- \/ Yoast SEO plugin. -->","yoast_head_json":{"title":"Neue Ausgabe unseres Patienten-Magazins erschienen (Nr. 59) - Saline Rehabilitationsklinik Halle (Saale)","robots":{"index":"index","follow":"follow","max-snippet":"max-snippet:-1","max-image-preview":"max-image-preview:large","max-video-preview":"max-video-preview:-1"},"canonical":"https:\/\/reha-flex.de\/saline-rehabilitationsklinik-halle-saale\/neue-ausgabe-unseres-patienten-magazins-erschienen-nr-59\/","og_locale":"de_DE","og_type":"article","og_title":"Neue Ausgabe unseres Patienten-Magazins erschienen (Nr. 59) - Saline Rehabilitationsklinik Halle (Saale)","og_description":"Liebe Leserinnen, liebe Leser, der Sommer brachte nicht nur Sonne, sondern auch Herausforderungen: Gesundheitsministerin Britta M\u00fcller mahnt Unternehmen zu mehr Hitzeschutz. \u201eHitzeschutz am Arbeitsplatz ist verpflichtend&#8220;, betont sie. In unserer Reha-Klinik nehmen wir das ernst \u2013 f\u00fcr Patienten und Team gleicherma\u00dfen, damit die Rehabilitation und die Arbeit ungest\u00f6rt von Hitze verl\u00e4uft. Im November kann man...","og_url":"https:\/\/reha-flex.de\/saline-rehabilitationsklinik-halle-saale\/neue-ausgabe-unseres-patienten-magazins-erschienen-nr-59\/","og_site_name":"Saline Rehabilitationsklinik Halle (Saale)","article_published_time":"2025-11-25T11:56:33+00:00","article_modified_time":"2025-12-28T11:57:14+00:00","og_image":[{"width":1920,"height":1080,"url":"http:\/\/reha-flex.de\/wp-content\/uploads\/sites\/2\/2025\/12\/PM_59.jpg","type":"image\/jpeg"}],"author":"chwalek","twitter_card":"summary_large_image","twitter_misc":{"Geschrieben von":"chwalek","Gesch\u00e4tzte Lesezeit":"2\u00a0Minuten"},"schema":{"@context":"https:\/\/schema.org","@graph":[{"@type":"Article","@id":"https:\/\/reha-flex.de\/saline-rehabilitationsklinik-halle-saale\/neue-ausgabe-unseres-patienten-magazins-erschienen-nr-59\/#article","isPartOf":{"@id":"https:\/\/reha-flex.de\/saline-rehabilitationsklinik-halle-saale\/neue-ausgabe-unseres-patienten-magazins-erschienen-nr-59\/"},"author":{"name":"chwalek","@id":"https:\/\/reha-flex.de\/saline-rehabilitationsklinik-halle-saale\/#\/schema\/person\/e859ea7c6762b2efe3bd9d30509b4333"},"headline":"Neue Ausgabe unseres Patienten-Magazins erschienen (Nr. 59)","datePublished":"2025-11-25T11:56:33+00:00","dateModified":"2025-12-28T11:57:14+00:00","mainEntityOfPage":{"@id":"https:\/\/reha-flex.de\/saline-rehabilitationsklinik-halle-saale\/neue-ausgabe-unseres-patienten-magazins-erschienen-nr-59\/"},"wordCount":165,"image":{"@id":"https:\/\/reha-flex.de\/saline-rehabilitationsklinik-halle-saale\/neue-ausgabe-unseres-patienten-magazins-erschienen-nr-59\/#primaryimage"},"thumbnailUrl":"https:\/\/reha-flex.de\/wp-content\/uploads\/sites\/2\/2025\/12\/PM_59.jpg","articleSection":["Aktuelles"],"inLanguage":"de"},{"@type":"WebPage","@id":"https:\/\/reha-flex.de\/saline-rehabilitationsklinik-halle-saale\/neue-ausgabe-unseres-patienten-magazins-erschienen-nr-59\/","url":"https:\/\/reha-flex.de\/saline-rehabilitationsklinik-halle-saale\/neue-ausgabe-unseres-patienten-magazins-erschienen-nr-59\/","name":"Neue Ausgabe unseres Patienten-Magazins erschienen (Nr. 59) - Saline Rehabilitationsklinik Halle (Saale)","isPartOf":{"@id":"https:\/\/reha-flex.de\/saline-rehabilitationsklinik-halle-saale\/#website"},"primaryImageOfPage":{"@id":"https:\/\/reha-flex.de\/saline-rehabilitationsklinik-halle-saale\/neue-ausgabe-unseres-patienten-magazins-erschienen-nr-59\/#primaryimage"},"image":{"@id":"https:\/\/reha-flex.de\/saline-rehabilitationsklinik-halle-saale\/neue-ausgabe-unseres-patienten-magazins-erschienen-nr-59\/#primaryimage"},"thumbnailUrl":"https:\/\/reha-flex.de\/wp-content\/uploads\/sites\/2\/2025\/12\/PM_59.jpg","datePublished":"2025-11-25T11:56:33+00:00","dateModified":"2025-12-28T11:57:14+00:00","author":{"@id":"https:\/\/reha-flex.de\/saline-rehabilitationsklinik-halle-saale\/#\/schema\/person\/e859ea7c6762b2efe3bd9d30509b4333"},"breadcrumb":{"@id":"https:\/\/reha-flex.de\/saline-rehabilitationsklinik-halle-saale\/neue-ausgabe-unseres-patienten-magazins-erschienen-nr-59\/#breadcrumb"},"inLanguage":"de","potentialAction":[{"@type":"ReadAction","target":["https:\/\/reha-flex.de\/saline-rehabilitationsklinik-halle-saale\/neue-ausgabe-unseres-patienten-magazins-erschienen-nr-59\/"]}]},{"@type":"ImageObject","inLanguage":"de","@id":"https:\/\/reha-flex.de\/saline-rehabilitationsklinik-halle-saale\/neue-ausgabe-unseres-patienten-magazins-erschienen-nr-59\/#primaryimage","url":"https:\/\/reha-flex.de\/wp-content\/uploads\/sites\/2\/2025\/12\/PM_59.jpg","contentUrl":"https:\/\/reha-flex.de\/wp-content\/uploads\/sites\/2\/2025\/12\/PM_59.jpg","width":1920,"height":1080},{"@type":"BreadcrumbList","@id":"https:\/\/reha-flex.de\/saline-rehabilitationsklinik-halle-saale\/neue-ausgabe-unseres-patienten-magazins-erschienen-nr-59\/#breadcrumb","itemListElement":[{"@type":"ListItem","position":1,"name":"Startseite","item":"https:\/\/reha-flex.de\/saline-rehabilitationsklinik-halle-saale\/"},{"@type":"ListItem","position":2,"name":"Neue Ausgabe unseres Patienten-Magazins erschienen (Nr. 59)"}]},{"@type":"WebSite","@id":"https:\/\/reha-flex.de\/saline-rehabilitationsklinik-halle-saale\/#website","url":"https:\/\/reha-flex.de\/saline-rehabilitationsklinik-halle-saale\/","name":"Saline Rehabilitationsklinik Halle (Saale)","description":"","potentialAction":[{"@type":"SearchAction","target":{"@type":"EntryPoint","urlTemplate":"https:\/\/reha-flex.de\/saline-rehabilitationsklinik-halle-saale\/?s={search_term_string}"},"query-input":{"@type":"PropertyValueSpecification","valueRequired":true,"valueName":"search_term_string"}}],"inLanguage":"de"},{"@type":"Person","@id":"https:\/\/reha-flex.de\/saline-rehabilitationsklinik-halle-saale\/#\/schema\/person\/e859ea7c6762b2efe3bd9d30509b4333","name":"chwalek","url":"https:\/\/reha-flex.de\/saline-rehabilitationsklinik-halle-saale\/author\/chwalek\/"}]}},"_links":{"self":[{"href":"https:\/\/reha-flex.de\/saline-rehabilitationsklinik-halle-saale\/wp-json\/wp\/v2\/posts\/2175","targetHints":{"allow":["GET"]}}],"collection":[{"href":"https:\/\/reha-flex.de\/saline-rehabilitationsklinik-halle-saale\/wp-json\/wp\/v2\/posts"}],"about":[{"href":"https:\/\/reha-flex.de\/saline-rehabilitationsklinik-halle-saale\/wp-json\/wp\/v2\/types\/post"}],"author":[{"embeddable":true,"href":"https:\/\/reha-flex.de\/saline-rehabilitationsklinik-halle-saale\/wp-json\/wp\/v2\/users\/2"}],"replies":[{"embeddable":true,"href":"https:\/\/reha-flex.de\/saline-rehabilitationsklinik-halle-saale\/wp-json\/wp\/v2\/comments?post=2175"}],"version-history":[{"count":1,"href":"https:\/\/reha-flex.de\/saline-rehabilitationsklinik-halle-saale\/wp-json\/wp\/v2\/posts\/2175\/revisions"}],"predecessor-version":[{"id":2177,"href":"https:\/\/reha-flex.de\/saline-rehabilitationsklinik-halle-saale\/wp-json\/wp\/v2\/posts\/2175\/revisions\/2177"}],"wp:featuredmedia":[{"embeddable":true,"href":"https:\/\/reha-flex.de\/saline-rehabilitationsklinik-halle-saale\/wp-json\/wp\/v2\/media\/2176"}],"wp:attachment":[{"href":"https:\/\/reha-flex.de\/saline-rehabilitationsklinik-halle-saale\/wp-json\/wp\/v2\/media?parent=2175"}],"wp:term":[{"taxonomy":"category","embeddable":true,"href":"https:\/\/reha-flex.de\/saline-rehabilitationsklinik-halle-saale\/wp-json\/wp\/v2\/categories?post=2175"},{"taxonomy":"post_tag","embeddable":true,"href":"https:\/\/reha-flex.de\/saline-rehabilitationsklinik-halle-saale\/wp-json\/wp\/v2\/tags?post=2175"}],"curies":[{"name":"wp","href":"https:\/\/api.w.org\/{rel}","templated":true}]}}