{"id":58,"date":"2021-11-10T10:00:20","date_gmt":"2021-11-10T09:00:20","guid":{"rendered":"https:\/\/reha-flex.de\/saline-rehabilitationsklinik-halle-saale\/?p=58"},"modified":"2022-05-06T11:35:21","modified_gmt":"2022-05-06T09:35:21","slug":"ergotherapie-sollte-nicht-unterschaetzt-werden","status":"publish","type":"post","link":"https:\/\/reha-flex.de\/saline-rehabilitationsklinik-halle-saale\/ergotherapie-sollte-nicht-unterschaetzt-werden\/","title":{"rendered":"Unser Kneippbecken geht in die Winterpause"},"content":{"rendered":"<p>Wie jedes Jahr geht unser Kneippbecken in die verdiente Winterpause. Im Fr\u00fchjahr k\u00f6nnen Sie das k\u00fchle Nass in unserem Park dann wieder nutzen, um Ihren m\u00fcden Beinen einen Kick zu geben.<\/p>\n","protected":false},"excerpt":{"rendered":"<p>Wie jedes Jahr geht unser Kneippbecken in die verdiente Winterpause. Im Fr\u00fchjahr k\u00f6nnen Sie das k\u00fchle Nass in unserem Park dann wieder nutzen, um Ihren m\u00fcden Beinen einen Kick zu geben.<\/p>\n","protected":false},"author":1,"featured_media":1454,"comment_status":"closed","ping_status":"open","sticky":false,"template":"","format":"standard","meta":{"footnotes":""},"categories":[3],"tags":[],"class_list":["post-58","post","type-post","status-publish","format-standard","has-post-thumbnail","hentry","category-aktuelles"],"yoast_head":"<!-- This site is optimized with the Yoast SEO plugin v26.9 - https:\/\/yoast.com\/product\/yoast-seo-wordpress\/ -->\n<title>Unser Kneippbecken geht in die Winterpause - Saline Rehabilitationsklinik Halle (Saale)<\/title>\n<meta name=\"robots\" content=\"index, follow, max-snippet:-1, max-image-preview:large, max-video-preview:-1\" \/>\n<link rel=\"canonical\" href=\"https:\/\/reha-flex.de\/saline-rehabilitationsklinik-halle-saale\/ergotherapie-sollte-nicht-unterschaetzt-werden\/\" \/>\n<meta property=\"og:locale\" content=\"de_DE\" \/>\n<meta property=\"og:type\" content=\"article\" \/>\n<meta property=\"og:title\" content=\"Unser Kneippbecken geht in die Winterpause - Saline Rehabilitationsklinik Halle (Saale)\" \/>\n<meta property=\"og:description\" content=\"Wie jedes Jahr geht unser Kneippbecken in die verdiente Winterpause. Im Fr\u00fchjahr k\u00f6nnen Sie das k\u00fchle Nass in unserem Park dann wieder nutzen, um Ihren m\u00fcden Beinen einen Kick zu geben.\" \/>\n<meta property=\"og:url\" content=\"https:\/\/reha-flex.de\/saline-rehabilitationsklinik-halle-saale\/ergotherapie-sollte-nicht-unterschaetzt-werden\/\" \/>\n<meta property=\"og:site_name\" content=\"Saline Rehabilitationsklinik Halle (Saale)\" \/>\n<meta property=\"article:published_time\" content=\"2021-11-10T09:00:20+00:00\" \/>\n<meta property=\"article:modified_time\" content=\"2022-05-06T09:35:21+00:00\" \/>\n<meta property=\"og:image\" content=\"http:\/\/reha-flex.de\/wp-content\/uploads\/sites\/2\/2022\/05\/Kneipp_2021.jpg\" \/>\n\t<meta property=\"og:image:width\" content=\"2048\" \/>\n\t<meta property=\"og:image:height\" content=\"1536\" \/>\n\t<meta property=\"og:image:type\" content=\"image\/jpeg\" \/>\n<meta name=\"author\" content=\"admin\" \/>\n<meta name=\"twitter:card\" content=\"summary_large_image\" \/>\n<meta name=\"twitter:label1\" content=\"Geschrieben von\" \/>\n\t<meta name=\"twitter:data1\" content=\"admin\" \/>\n<script type=\"application\/ld+json\" class=\"yoast-schema-graph\">{\"@context\":\"https:\/\/schema.org\",\"@graph\":[{\"@type\":\"Article\",\"@id\":\"https:\/\/reha-flex.de\/saline-rehabilitationsklinik-halle-saale\/ergotherapie-sollte-nicht-unterschaetzt-werden\/#article\",\"isPartOf\":{\"@id\":\"https:\/\/reha-flex.de\/saline-rehabilitationsklinik-halle-saale\/ergotherapie-sollte-nicht-unterschaetzt-werden\/\"},\"author\":{\"name\":\"admin\",\"@id\":\"https:\/\/reha-flex.de\/saline-rehabilitationsklinik-halle-saale\/#\/schema\/person\/faec01ae847d6e6531d110ee25395492\"},\"headline\":\"Unser Kneippbecken geht in die Winterpause\",\"datePublished\":\"2021-11-10T09:00:20+00:00\",\"dateModified\":\"2022-05-06T09:35:21+00:00\",\"mainEntityOfPage\":{\"@id\":\"https:\/\/reha-flex.de\/saline-rehabilitationsklinik-halle-saale\/ergotherapie-sollte-nicht-unterschaetzt-werden\/\"},\"wordCount\":41,\"image\":{\"@id\":\"https:\/\/reha-flex.de\/saline-rehabilitationsklinik-halle-saale\/ergotherapie-sollte-nicht-unterschaetzt-werden\/#primaryimage\"},\"thumbnailUrl\":\"https:\/\/reha-flex.de\/wp-content\/uploads\/sites\/2\/2022\/05\/Kneipp_2021.jpg\",\"articleSection\":[\"Aktuelles\"],\"inLanguage\":\"de\"},{\"@type\":\"WebPage\",\"@id\":\"https:\/\/reha-flex.de\/saline-rehabilitationsklinik-halle-saale\/ergotherapie-sollte-nicht-unterschaetzt-werden\/\",\"url\":\"https:\/\/reha-flex.de\/saline-rehabilitationsklinik-halle-saale\/ergotherapie-sollte-nicht-unterschaetzt-werden\/\",\"name\":\"Unser Kneippbecken geht in die Winterpause - Saline Rehabilitationsklinik Halle (Saale)\",\"isPartOf\":{\"@id\":\"https:\/\/reha-flex.de\/saline-rehabilitationsklinik-halle-saale\/#website\"},\"primaryImageOfPage\":{\"@id\":\"https:\/\/reha-flex.de\/saline-rehabilitationsklinik-halle-saale\/ergotherapie-sollte-nicht-unterschaetzt-werden\/#primaryimage\"},\"image\":{\"@id\":\"https:\/\/reha-flex.de\/saline-rehabilitationsklinik-halle-saale\/ergotherapie-sollte-nicht-unterschaetzt-werden\/#primaryimage\"},\"thumbnailUrl\":\"https:\/\/reha-flex.de\/wp-content\/uploads\/sites\/2\/2022\/05\/Kneipp_2021.jpg\",\"datePublished\":\"2021-11-10T09:00:20+00:00\",\"dateModified\":\"2022-05-06T09:35:21+00:00\",\"author\":{\"@id\":\"https:\/\/reha-flex.de\/saline-rehabilitationsklinik-halle-saale\/#\/schema\/person\/faec01ae847d6e6531d110ee25395492\"},\"breadcrumb\":{\"@id\":\"https:\/\/reha-flex.de\/saline-rehabilitationsklinik-halle-saale\/ergotherapie-sollte-nicht-unterschaetzt-werden\/#breadcrumb\"},\"inLanguage\":\"de\",\"potentialAction\":[{\"@type\":\"ReadAction\",\"target\":[\"https:\/\/reha-flex.de\/saline-rehabilitationsklinik-halle-saale\/ergotherapie-sollte-nicht-unterschaetzt-werden\/\"]}]},{\"@type\":\"ImageObject\",\"inLanguage\":\"de\",\"@id\":\"https:\/\/reha-flex.de\/saline-rehabilitationsklinik-halle-saale\/ergotherapie-sollte-nicht-unterschaetzt-werden\/#primaryimage\",\"url\":\"https:\/\/reha-flex.de\/wp-content\/uploads\/sites\/2\/2022\/05\/Kneipp_2021.jpg\",\"contentUrl\":\"https:\/\/reha-flex.de\/wp-content\/uploads\/sites\/2\/2022\/05\/Kneipp_2021.jpg\",\"width\":2048,\"height\":1536},{\"@type\":\"BreadcrumbList\",\"@id\":\"https:\/\/reha-flex.de\/saline-rehabilitationsklinik-halle-saale\/ergotherapie-sollte-nicht-unterschaetzt-werden\/#breadcrumb\",\"itemListElement\":[{\"@type\":\"ListItem\",\"position\":1,\"name\":\"Startseite\",\"item\":\"https:\/\/reha-flex.de\/saline-rehabilitationsklinik-halle-saale\/\"},{\"@type\":\"ListItem\",\"position\":2,\"name\":\"Unser Kneippbecken geht in die Winterpause\"}]},{\"@type\":\"WebSite\",\"@id\":\"https:\/\/reha-flex.de\/saline-rehabilitationsklinik-halle-saale\/#website\",\"url\":\"https:\/\/reha-flex.de\/saline-rehabilitationsklinik-halle-saale\/\",\"name\":\"Saline Rehabilitationsklinik Halle (Saale)\",\"description\":\"\",\"potentialAction\":[{\"@type\":\"SearchAction\",\"target\":{\"@type\":\"EntryPoint\",\"urlTemplate\":\"https:\/\/reha-flex.de\/saline-rehabilitationsklinik-halle-saale\/?s={search_term_string}\"},\"query-input\":{\"@type\":\"PropertyValueSpecification\",\"valueRequired\":true,\"valueName\":\"search_term_string\"}}],\"inLanguage\":\"de\"},{\"@type\":\"Person\",\"@id\":\"https:\/\/reha-flex.de\/saline-rehabilitationsklinik-halle-saale\/#\/schema\/person\/faec01ae847d6e6531d110ee25395492\",\"name\":\"admin\",\"sameAs\":[\"https:\/\/reha-flex.de\"],\"url\":\"https:\/\/reha-flex.de\/saline-rehabilitationsklinik-halle-saale\/author\/admin\/\"}]}<\/script>\n<!-- \/ Yoast SEO plugin. -->","yoast_head_json":{"title":"Unser Kneippbecken geht in die Winterpause - Saline Rehabilitationsklinik Halle (Saale)","robots":{"index":"index","follow":"follow","max-snippet":"max-snippet:-1","max-image-preview":"max-image-preview:large","max-video-preview":"max-video-preview:-1"},"canonical":"https:\/\/reha-flex.de\/saline-rehabilitationsklinik-halle-saale\/ergotherapie-sollte-nicht-unterschaetzt-werden\/","og_locale":"de_DE","og_type":"article","og_title":"Unser Kneippbecken geht in die Winterpause - Saline Rehabilitationsklinik Halle (Saale)","og_description":"Wie jedes Jahr geht unser Kneippbecken in die verdiente Winterpause. Im Fr\u00fchjahr k\u00f6nnen Sie das k\u00fchle Nass in unserem Park dann wieder nutzen, um Ihren m\u00fcden Beinen einen Kick zu geben.","og_url":"https:\/\/reha-flex.de\/saline-rehabilitationsklinik-halle-saale\/ergotherapie-sollte-nicht-unterschaetzt-werden\/","og_site_name":"Saline Rehabilitationsklinik Halle (Saale)","article_published_time":"2021-11-10T09:00:20+00:00","article_modified_time":"2022-05-06T09:35:21+00:00","og_image":[{"width":2048,"height":1536,"url":"http:\/\/reha-flex.de\/wp-content\/uploads\/sites\/2\/2022\/05\/Kneipp_2021.jpg","type":"image\/jpeg"}],"author":"admin","twitter_card":"summary_large_image","twitter_misc":{"Geschrieben von":"admin"},"schema":{"@context":"https:\/\/schema.org","@graph":[{"@type":"Article","@id":"https:\/\/reha-flex.de\/saline-rehabilitationsklinik-halle-saale\/ergotherapie-sollte-nicht-unterschaetzt-werden\/#article","isPartOf":{"@id":"https:\/\/reha-flex.de\/saline-rehabilitationsklinik-halle-saale\/ergotherapie-sollte-nicht-unterschaetzt-werden\/"},"author":{"name":"admin","@id":"https:\/\/reha-flex.de\/saline-rehabilitationsklinik-halle-saale\/#\/schema\/person\/faec01ae847d6e6531d110ee25395492"},"headline":"Unser Kneippbecken geht in die Winterpause","datePublished":"2021-11-10T09:00:20+00:00","dateModified":"2022-05-06T09:35:21+00:00","mainEntityOfPage":{"@id":"https:\/\/reha-flex.de\/saline-rehabilitationsklinik-halle-saale\/ergotherapie-sollte-nicht-unterschaetzt-werden\/"},"wordCount":41,"image":{"@id":"https:\/\/reha-flex.de\/saline-rehabilitationsklinik-halle-saale\/ergotherapie-sollte-nicht-unterschaetzt-werden\/#primaryimage"},"thumbnailUrl":"https:\/\/reha-flex.de\/wp-content\/uploads\/sites\/2\/2022\/05\/Kneipp_2021.jpg","articleSection":["Aktuelles"],"inLanguage":"de"},{"@type":"WebPage","@id":"https:\/\/reha-flex.de\/saline-rehabilitationsklinik-halle-saale\/ergotherapie-sollte-nicht-unterschaetzt-werden\/","url":"https:\/\/reha-flex.de\/saline-rehabilitationsklinik-halle-saale\/ergotherapie-sollte-nicht-unterschaetzt-werden\/","name":"Unser Kneippbecken geht in die Winterpause - Saline Rehabilitationsklinik Halle (Saale)","isPartOf":{"@id":"https:\/\/reha-flex.de\/saline-rehabilitationsklinik-halle-saale\/#website"},"primaryImageOfPage":{"@id":"https:\/\/reha-flex.de\/saline-rehabilitationsklinik-halle-saale\/ergotherapie-sollte-nicht-unterschaetzt-werden\/#primaryimage"},"image":{"@id":"https:\/\/reha-flex.de\/saline-rehabilitationsklinik-halle-saale\/ergotherapie-sollte-nicht-unterschaetzt-werden\/#primaryimage"},"thumbnailUrl":"https:\/\/reha-flex.de\/wp-content\/uploads\/sites\/2\/2022\/05\/Kneipp_2021.jpg","datePublished":"2021-11-10T09:00:20+00:00","dateModified":"2022-05-06T09:35:21+00:00","author":{"@id":"https:\/\/reha-flex.de\/saline-rehabilitationsklinik-halle-saale\/#\/schema\/person\/faec01ae847d6e6531d110ee25395492"},"breadcrumb":{"@id":"https:\/\/reha-flex.de\/saline-rehabilitationsklinik-halle-saale\/ergotherapie-sollte-nicht-unterschaetzt-werden\/#breadcrumb"},"inLanguage":"de","potentialAction":[{"@type":"ReadAction","target":["https:\/\/reha-flex.de\/saline-rehabilitationsklinik-halle-saale\/ergotherapie-sollte-nicht-unterschaetzt-werden\/"]}]},{"@type":"ImageObject","inLanguage":"de","@id":"https:\/\/reha-flex.de\/saline-rehabilitationsklinik-halle-saale\/ergotherapie-sollte-nicht-unterschaetzt-werden\/#primaryimage","url":"https:\/\/reha-flex.de\/wp-content\/uploads\/sites\/2\/2022\/05\/Kneipp_2021.jpg","contentUrl":"https:\/\/reha-flex.de\/wp-content\/uploads\/sites\/2\/2022\/05\/Kneipp_2021.jpg","width":2048,"height":1536},{"@type":"BreadcrumbList","@id":"https:\/\/reha-flex.de\/saline-rehabilitationsklinik-halle-saale\/ergotherapie-sollte-nicht-unterschaetzt-werden\/#breadcrumb","itemListElement":[{"@type":"ListItem","position":1,"name":"Startseite","item":"https:\/\/reha-flex.de\/saline-rehabilitationsklinik-halle-saale\/"},{"@type":"ListItem","position":2,"name":"Unser Kneippbecken geht in die Winterpause"}]},{"@type":"WebSite","@id":"https:\/\/reha-flex.de\/saline-rehabilitationsklinik-halle-saale\/#website","url":"https:\/\/reha-flex.de\/saline-rehabilitationsklinik-halle-saale\/","name":"Saline Rehabilitationsklinik Halle (Saale)","description":"","potentialAction":[{"@type":"SearchAction","target":{"@type":"EntryPoint","urlTemplate":"https:\/\/reha-flex.de\/saline-rehabilitationsklinik-halle-saale\/?s={search_term_string}"},"query-input":{"@type":"PropertyValueSpecification","valueRequired":true,"valueName":"search_term_string"}}],"inLanguage":"de"},{"@type":"Person","@id":"https:\/\/reha-flex.de\/saline-rehabilitationsklinik-halle-saale\/#\/schema\/person\/faec01ae847d6e6531d110ee25395492","name":"admin","sameAs":["https:\/\/reha-flex.de"],"url":"https:\/\/reha-flex.de\/saline-rehabilitationsklinik-halle-saale\/author\/admin\/"}]}},"_links":{"self":[{"href":"https:\/\/reha-flex.de\/saline-rehabilitationsklinik-halle-saale\/wp-json\/wp\/v2\/posts\/58","targetHints":{"allow":["GET"]}}],"collection":[{"href":"https:\/\/reha-flex.de\/saline-rehabilitationsklinik-halle-saale\/wp-json\/wp\/v2\/posts"}],"about":[{"href":"https:\/\/reha-flex.de\/saline-rehabilitationsklinik-halle-saale\/wp-json\/wp\/v2\/types\/post"}],"author":[{"embeddable":true,"href":"https:\/\/reha-flex.de\/saline-rehabilitationsklinik-halle-saale\/wp-json\/wp\/v2\/users\/1"}],"replies":[{"embeddable":true,"href":"https:\/\/reha-flex.de\/saline-rehabilitationsklinik-halle-saale\/wp-json\/wp\/v2\/comments?post=58"}],"version-history":[{"count":10,"href":"https:\/\/reha-flex.de\/saline-rehabilitationsklinik-halle-saale\/wp-json\/wp\/v2\/posts\/58\/revisions"}],"predecessor-version":[{"id":1455,"href":"https:\/\/reha-flex.de\/saline-rehabilitationsklinik-halle-saale\/wp-json\/wp\/v2\/posts\/58\/revisions\/1455"}],"wp:featuredmedia":[{"embeddable":true,"href":"https:\/\/reha-flex.de\/saline-rehabilitationsklinik-halle-saale\/wp-json\/wp\/v2\/media\/1454"}],"wp:attachment":[{"href":"https:\/\/reha-flex.de\/saline-rehabilitationsklinik-halle-saale\/wp-json\/wp\/v2\/media?parent=58"}],"wp:term":[{"taxonomy":"category","embeddable":true,"href":"https:\/\/reha-flex.de\/saline-rehabilitationsklinik-halle-saale\/wp-json\/wp\/v2\/categories?post=58"},{"taxonomy":"post_tag","embeddable":true,"href":"https:\/\/reha-flex.de\/saline-rehabilitationsklinik-halle-saale\/wp-json\/wp\/v2\/tags?post=58"}],"curies":[{"name":"wp","href":"https:\/\/api.w.org\/{rel}","templated":true}]}}